{"id":1378,"date":"2021-12-04T17:54:33","date_gmt":"2021-12-04T17:54:33","guid":{"rendered":"https:\/\/nathalie-faggianelli.fr\/?p=1378"},"modified":"2022-02-13T17:06:42","modified_gmt":"2022-02-13T17:06:42","slug":"odeurs-emotions","status":"publish","type":"post","link":"https:\/\/nathalie-faggianelli.fr\/index.php\/2021\/12\/04\/odeurs-emotions\/","title":{"rendered":"Odeurs &#038; \u00e9motions"},"content":{"rendered":"\n<div class=\"wp-block-columns is-layout-flex wp-container-core-columns-is-layout-9d6595d7 wp-block-columns-is-layout-flex\">\n<div class=\"wp-block-column is-layout-flow wp-block-column-is-layout-flow\">\n<figure class=\"wp-block-image size-large\"><img loading=\"lazy\" decoding=\"async\" width=\"1024\" height=\"1024\" src=\"https:\/\/nathalie-faggianelli.fr\/wp-content\/uploads\/2021\/12\/odeurcerveau1-1024x1024.jpg\" alt=\"odeurs et \u00e9motions\" class=\"wp-image-1379\" srcset=\"https:\/\/nathalie-faggianelli.fr\/wp-content\/uploads\/2021\/12\/odeurcerveau1-1024x1024.jpg 1024w, https:\/\/nathalie-faggianelli.fr\/wp-content\/uploads\/2021\/12\/odeurcerveau1-100x100.jpg 100w, https:\/\/nathalie-faggianelli.fr\/wp-content\/uploads\/2021\/12\/odeurcerveau1-600x600.jpg 600w, https:\/\/nathalie-faggianelli.fr\/wp-content\/uploads\/2021\/12\/odeurcerveau1-300x300.jpg 300w, https:\/\/nathalie-faggianelli.fr\/wp-content\/uploads\/2021\/12\/odeurcerveau1-150x150.jpg 150w, https:\/\/nathalie-faggianelli.fr\/wp-content\/uploads\/2021\/12\/odeurcerveau1-768x768.jpg 768w, https:\/\/nathalie-faggianelli.fr\/wp-content\/uploads\/2021\/12\/odeurcerveau1-75x75.jpg 75w, https:\/\/nathalie-faggianelli.fr\/wp-content\/uploads\/2021\/12\/odeurcerveau1.jpg 1080w\" sizes=\"auto, (max-width: 1024px) 100vw, 1024px\" \/><\/figure>\n<\/div>\n\n\n\n<div class=\"wp-block-column is-layout-flow wp-block-column-is-layout-flow\">\n<p><em>Connaissez-vous le pouvoir \u00e9tonnant des odeurs sur nos \u00e9motions, notre comportement ? <\/em> <em>L&rsquo;action des odeurs, des ar\u00f4mes sur notre comportement au quotidien combine \u00e0 la fois des effets physiques mais aussi psychiques. Avez-vous conscience du pouvoir inconscient des odeurs ? <\/em><\/p>\n<\/div>\n<\/div>\n\n\n\n<h2 class=\"wp-block-heading\">L&rsquo;odorat, le seul sens en lien direct avec le cerveau limbique<\/h2>\n\n\n\n<p>Les odeurs peuvent, au contraire des images,\u00a0des sons, au pouvoir \u00e9vocateur moindre, faire remonter des souvenirs tr\u00e8s anciens, de notre petite enfance notamment. L\u2019odorat joue un r\u00f4le majeur, \u00e0 la fois de d\u00e9fense, de protection mais aussi h\u00e9donique dans notre vie. Nous sommes naturellement attir\u00e9s vers les odeurs positives, florales et surtout alimentaires qui contribuent \u00e0 l\u2019appr\u00e9ciation et \u00e0 l&rsquo;identification de ce que nous mangeons. Notre nez nous alerte depuis la nuit des temps sur un danger : une odeur de br\u00fbl\u00e9 ou de d\u00e9composition par exemple.<\/p>\n\n\n\n<p>Nous sommes entour\u00e9s d\u2019odeurs au quotidien. Mais malheureusement les odeurs naturelles sont de plus en plus masqu\u00e9es par des odeurs synth\u00e9tiques ent\u00eatantes. Avec l\u2019av\u00e8nement des parfums d\u2019ambiance (notamment dans les centres commerciaux pour influencer nos comportements d\u2019achat), des bougies parfum\u00e9es, des d\u00e9sodorisants m\u00e9nagers ou de voiture, des parfums corporels synth\u00e9tiques et ceux des produits m\u00e9nagers nous sommes noy\u00e9s dans ces odeurs qui peuvent compl\u00e8tement perturber notre perception des odeurs naturelles et qui peuvent aussi \u00eatre sources de naus\u00e9es, vertiges, maux de t\u00eate, allergies. R\u00e9apprenons \u00e0 sentir le naturel et \u00e0 fuir le marketing olfactif. &nbsp;<\/p>\n\n\n\n<h2 class=\"wp-block-heading\">Mode d&rsquo;action des odeurs <\/h2>\n\n\n\n<p>Les mol\u00e9cules odorantes arrivent \u00e0 notre nez et sont reconnues par des r\u00e9cepteurs qui tapissent notre muqueuse nasale. Ici un codage pr\u00e9cis de l&rsquo;information s&rsquo;engage. Nous avons en effet environ 400 r\u00e9cepteurs dans notre nez mais nous sommes capables de reconnaitre bien plus d&rsquo;odeurs diff\u00e9rentes. Des combinaisons de r\u00e9cepteurs sont donc r\u00e9alis\u00e9es. L&rsquo;information est ensuite transmise \u00e0 notre cerveau en message cod\u00e9 au niveau du bulbe olfactif. <\/p>\n\n\n\n<p>Ce message cod\u00e9 est transf\u00e9r\u00e9 au cortex olfactif primaire, le cerveau du nez, rhinenc\u00e9phale ou cerveau limbique, o\u00f9 il y est trait\u00e9 en quelques centaines de millisecondes. Nous sommes alors capable de dire \u00ab\u00a0j&rsquo;aime ou je n&rsquo;aime pas\u00a0\u00bb avant m\u00eame de se dire \u00ab\u00a0cela sent telle chose&#8230;\u00a0\u00bb. Ces r\u00e9flexions sont la suite d&rsquo;un traitement conscient arrivant dans un deuxi\u00e8me temps. Le traitement primaire fait appel \u00e0 notre exp\u00e9rience, notre v\u00e9cu et donc notre m\u00e9moire. L\u2019odorat plus que tout autre sens est li\u00e9 \u00e0 la m\u00e9moire. Ceci est d\u00fb principalement au cheminement assez particulier du message odorant qui n&rsquo;est pas relay\u00e9 par le thalamus et le cortex c\u00e9r\u00e9bral. L\u2019information odorante passe directement du bulbe olfactif aux aires de la m\u00e9moire et des \u00e9motions.<\/p>\n\n\n\n<p>Ces informations sensorielles sont dynamiques et s\u2019enrichissent en permanence depuis notre vie in utero au gr\u00e9 de nos rencontres avec les odeurs. L&rsquo;essort des neurosciences nous permet de comprendre chaque jour un petit plus ce qui se passe dans notre cerveau et nous continuons de d\u00e9couvrir des choses chaque ann\u00e9e.<\/p>\n\n\n\n<div class=\"wp-block-columns is-layout-flex wp-container-core-columns-is-layout-9d6595d7 wp-block-columns-is-layout-flex\">\n<div class=\"wp-block-column is-layout-flow wp-block-column-is-layout-flow\">\n<figure class=\"wp-block-image size-large\"><img loading=\"lazy\" decoding=\"async\" width=\"1024\" height=\"1024\" src=\"https:\/\/nathalie-faggianelli.fr\/wp-content\/uploads\/2021\/12\/odeurcerveau3-1024x1024.jpg\" alt=\"cheminement des odeurs dans notre cerveau et influence sur nos \u00e9motions\" class=\"wp-image-1381\" srcset=\"https:\/\/nathalie-faggianelli.fr\/wp-content\/uploads\/2021\/12\/odeurcerveau3-1024x1024.jpg 1024w, https:\/\/nathalie-faggianelli.fr\/wp-content\/uploads\/2021\/12\/odeurcerveau3-100x100.jpg 100w, https:\/\/nathalie-faggianelli.fr\/wp-content\/uploads\/2021\/12\/odeurcerveau3-600x600.jpg 600w, https:\/\/nathalie-faggianelli.fr\/wp-content\/uploads\/2021\/12\/odeurcerveau3-300x300.jpg 300w, https:\/\/nathalie-faggianelli.fr\/wp-content\/uploads\/2021\/12\/odeurcerveau3-150x150.jpg 150w, https:\/\/nathalie-faggianelli.fr\/wp-content\/uploads\/2021\/12\/odeurcerveau3-768x768.jpg 768w, https:\/\/nathalie-faggianelli.fr\/wp-content\/uploads\/2021\/12\/odeurcerveau3-75x75.jpg 75w, https:\/\/nathalie-faggianelli.fr\/wp-content\/uploads\/2021\/12\/odeurcerveau3.jpg 1080w\" sizes=\"auto, (max-width: 1024px) 100vw, 1024px\" \/><\/figure>\n<\/div>\n\n\n\n<div class=\"wp-block-column is-layout-flow wp-block-column-is-layout-flow\">\n<figure class=\"wp-block-image size-large\"><img loading=\"lazy\" decoding=\"async\" width=\"1024\" height=\"1024\" src=\"https:\/\/nathalie-faggianelli.fr\/wp-content\/uploads\/2021\/12\/odeurcerveau4-1024x1024.jpg\" alt=\"cheminement des odeurs dans notre cerveau et influence sur nos \u00e9motions\" class=\"wp-image-1382\" srcset=\"https:\/\/nathalie-faggianelli.fr\/wp-content\/uploads\/2021\/12\/odeurcerveau4-1024x1024.jpg 1024w, https:\/\/nathalie-faggianelli.fr\/wp-content\/uploads\/2021\/12\/odeurcerveau4-100x100.jpg 100w, https:\/\/nathalie-faggianelli.fr\/wp-content\/uploads\/2021\/12\/odeurcerveau4-600x600.jpg 600w, https:\/\/nathalie-faggianelli.fr\/wp-content\/uploads\/2021\/12\/odeurcerveau4-300x300.jpg 300w, https:\/\/nathalie-faggianelli.fr\/wp-content\/uploads\/2021\/12\/odeurcerveau4-150x150.jpg 150w, https:\/\/nathalie-faggianelli.fr\/wp-content\/uploads\/2021\/12\/odeurcerveau4-768x768.jpg 768w, https:\/\/nathalie-faggianelli.fr\/wp-content\/uploads\/2021\/12\/odeurcerveau4-75x75.jpg 75w, https:\/\/nathalie-faggianelli.fr\/wp-content\/uploads\/2021\/12\/odeurcerveau4.jpg 1080w\" sizes=\"auto, (max-width: 1024px) 100vw, 1024px\" \/><\/figure>\n<\/div>\n<\/div>\n\n\n\n<p><\/p>\n\n\n\n<h2 class=\"wp-block-heading\">L\u2019aromath\u00e9rapie via la voie olfactive, un outil pour aider \u00e0 g\u00e9rer ses \u00e9motions.<\/h2>\n\n\n\n<p>Les huiles essentielles sont des compos\u00e9s complexes de mol\u00e9cules volatiles et odorantes au pouvoir impressionnant sur notre corps par la seule voie olfactive&nbsp;! Je vous en ai parl\u00e9 dans <a href=\"https:\/\/nathalie-faggianelli.fr\/index.php\/2021\/11\/16\/le-stress-qui-est-il-et-comment-le-gerer\/\" target=\"_blank\" rel=\"noreferrer noopener\">mon article sur la gestion du stress<\/a>.  Elles peuvent aider \u00e0 trouver et soigner les traumas du pass\u00e9 qui encombrent le pr\u00e9sent. Elles sont capables de r\u00e9veiller des souvenirs inconscients ou conscients profond\u00e9ment enfouis. <\/p>\n\n\n\n<h4 class=\"wp-block-heading\">Il est possible de travailler avec elles notamment si :<\/h4>\n\n\n\n<ul class=\"wp-block-list\"><li>Vous \u00eates stress\u00e9, anxieux ou d\u00e9pressif pour aider \u00e0 la d\u00e9tente, au l\u00e2cher-prise, aider \u00e0 d\u00e9connecter le mental, le petit v\u00e9lo qui tourne en boucle<\/li><li>Pour retrouver un \u00e9quilibre \u00e9motionnel, favoriser un sentiment de confiance, le r\u00e9confort, l&rsquo;apaisement, lib\u00e9rer les tensions physiques<\/li><li>Vous avez des difficult\u00e9s d&rsquo;endormissement, un sommeil agit\u00e9, des insomnies<\/li><li>Vous souffrez de douleurs chroniques, de naus\u00e9es<\/li><li>si vous souffrez d\u2019une phobie<\/li><li>vous \u00eates sous d\u00e9pendance, et pour accompagner un sevrage au tabac<\/li><li>si vous souhaitez accompagner un r\u00e9\u00e9quilibrage alimentaire. Il est possible de contrer notamment les pulsions sucr\u00e9es, la sati\u00e9t\u00e9 et la faim. Ou au contraire redonner de l&rsquo;app\u00e9tit, l&rsquo;envie de manger<\/li><li>Elles sont aussi utilis\u00e9es aupr\u00e8s des personnes \u00e2g\u00e9es pour leur permettre de \u00ab se reconnecter \u00bb \u00e0 leur vie et revivre des souvenirs anciens, r\u00e9veiller des \u00e9motions, stimuler la m\u00e9moire. <\/li><\/ul>\n\n\n\n<p>Elles fournissent des bienfaits cibl\u00e9s sans d\u00e9pendance ! Mais &#8230;<\/p>\n\n\n\n<h4 class=\"wp-block-heading\">Les pr\u00e9cautions <\/h4>\n\n\n\n<p><strong>Elles sont naturelles oui mais puissantes<\/strong>, et certaines personnes sujettes \u00e0 l\u2019asthme, \u00e0 l&rsquo;\u00e9pilepsie, \u00e0 l&rsquo;hypertension notamment auront des contre-indications \u00e0 leur utilisation m\u00eame par la voie olfactive, car elles peuvent d\u00e9clencher une crise et \u00eatre tr\u00e8s irritantes pour les voies respiratoires. Les b\u00e9b\u00e9s, les enfants et les femmes enceintes sont aussi plus vuln\u00e9rables, sensibles et on fera attention \u00e0 la mani\u00e8re de les utiliser avec eux. Si on diffuse des huiles essentielles dans une pi\u00e8ce on sera prudence avec la pr\u00e9sence de chats ou chiens qui peuvent ne pas appr\u00e9cier la forte concentration de mol\u00e9cules aromatiques dans l&rsquo;air.<\/p>\n\n\n\n<p><strong>Toutes les huiles essentielles ne se pr\u00eatent pas \u00e0 la diffusion atmosph\u00e9rique ou des pauses olfactives pures !<\/strong> Les HE dermocaustiques et irritantes seront notamment contre-indiqu\u00e9es \u00e0 cet usage risquant d&rsquo;irriter et br\u00fbler les voies respiratoires. On ne respirera notamment jamais directement au flacon !<\/p>\n\n\n\n<p><strong>On ne forcera jamais une odeur non aim\u00e9e, ni une pause olfactive qui induit un malaise, une \u00e9motion trop forte<\/strong>. Une HE peut \u00eatre pharmacologiquement de part ses mol\u00e9cules celle qui semble convenir \u00e0 une situation donn\u00e9e mais elle peut ne \u00eatre pas accept\u00e9e par la personne et ne pas lui convenir !  NE PAS FORCER ! On peut en effet faire ressortir des souvenirs n\u00e9gatifs, des traumas non souhait\u00e9s en ouvrant la biblioth\u00e8que \u00e0 souvenirs auxquels la personne n&rsquo;a pas \u00e9t\u00e9 pr\u00e9par\u00e9. Ce travail doit imp\u00e9rativement se faire avec un professionnel form\u00e9 en psychologie, un hypnoth\u00e9rapeute et pas n&rsquo;importe quel praticien. Il faut pouvoir \u00eatre capable de calmer la personne et g\u00e9rer cet afflux d&rsquo;\u00e9motions et de souvenirs traumatiques. Pour ma part, je ne vous proposerai jamais ce type d&rsquo;accompagnement, vous recommandant aupr\u00e8s d&rsquo;un confr\u00e8re sp\u00e9cialis\u00e9 dans ce domaine, appel\u00e9 aussi olfactoth\u00e9rapie.<\/p>\n\n\n\n<div class=\"wp-block-image\"><figure class=\"aligncenter size-large is-resized\"><img loading=\"lazy\" decoding=\"async\" src=\"https:\/\/nathalie-faggianelli.fr\/wp-content\/uploads\/2021\/12\/TFO_8139-1024x1024.jpg\" alt=\"impact de l'aromath\u00e9rapie, des odeurs sur nos \u00e9motions\" class=\"wp-image-1386\" width=\"523\" height=\"523\" srcset=\"https:\/\/nathalie-faggianelli.fr\/wp-content\/uploads\/2021\/12\/TFO_8139-1024x1024.jpg 1024w, https:\/\/nathalie-faggianelli.fr\/wp-content\/uploads\/2021\/12\/TFO_8139-100x100.jpg 100w, https:\/\/nathalie-faggianelli.fr\/wp-content\/uploads\/2021\/12\/TFO_8139-600x600.jpg 600w, https:\/\/nathalie-faggianelli.fr\/wp-content\/uploads\/2021\/12\/TFO_8139-300x300.jpg 300w, https:\/\/nathalie-faggianelli.fr\/wp-content\/uploads\/2021\/12\/TFO_8139-150x150.jpg 150w, https:\/\/nathalie-faggianelli.fr\/wp-content\/uploads\/2021\/12\/TFO_8139-768x768.jpg 768w, https:\/\/nathalie-faggianelli.fr\/wp-content\/uploads\/2021\/12\/TFO_8139-1536x1536.jpg 1536w, https:\/\/nathalie-faggianelli.fr\/wp-content\/uploads\/2021\/12\/TFO_8139-2048x2048.jpg 2048w, https:\/\/nathalie-faggianelli.fr\/wp-content\/uploads\/2021\/12\/TFO_8139-75x75.jpg 75w\" sizes=\"auto, (max-width: 523px) 100vw, 523px\" \/><\/figure><\/div>\n\n\n\n<h4 class=\"wp-block-heading\">Comment profiter d&rsquo;une pause olfactive ?<\/h4>\n\n\n\n<p><strong>Soyez attentif \u00e0 vos\u200b \u200bressentis olfactifs<\/strong>&nbsp;: que provoquent les odeurs dans votre\u200b \u200bcorps : sensation de malaise&nbsp;? sentiment d\u2019oppression&nbsp;? de tension&nbsp;? des frissons&nbsp;? ou au contraire un sentiment d\u2019apaisement&nbsp;? de d\u00e9tente&nbsp;? une ouverture des voies respiratoires&nbsp;? dans quelle partie du corps cela s\u2019exprime t\u2019il ? Vous vient-il<br>des \u00e9vocations de couleurs, de souvenirs imag\u00e9s, de pens\u00e9es fugaces ?\u200b<\/p>\n\n\n\n<p><strong>Choyez votre odorat, entrainez-le<\/strong>. Pour se faire, \u00e9vitez de multiplier autour de vous et sur\u200b \u200bvous les parfums synth\u00e9tiques, les parfums d&rsquo;ambiances (spray, bougies parfum\u00e9es) qui sont en plus bourr\u00e9s de perturbateurs endocriniens et de compos\u00e9s irritants qui saturent aussi rapidement notre nez.\u200b \u200bTournez vous de nouveau vers des parfums\u200b \u200bnaturels, des produits m\u00e9nagers sans parfum. Cela peut \u00eatre d\u00e9routant au d\u00e9but mais vous vous apercevrez rapidement que vous red\u00e9couvrez des odeurs qui ne vous \u00e9taient plus perceptibles. Laissez-vous guider par votre nez au quotidien, essayer de\u200b \u200bcaptez en conscience les fragrances senties lors d&rsquo;une balade en for\u00eat par exemple, notez vos ressentis mentalement ou dans un petit carnet.<\/p>\n\n\n\n<p><em>N&rsquo;h\u00e9sitez pas \u00e0 demander conseil avant de vous lancer, \u00e0 vous faire accompagner pour choisir des HE qui peuvent vous aider selon votre probl\u00e9matique que ce soit en consultation ou lors d&rsquo;ateliers que j&rsquo;organise.<\/em><br><\/p>\n\n\n\n<h4 class=\"wp-block-heading\">La perception des odeurs se fait aussi par voie buccale<\/h4>\n\n\n\n<p>La perception des odeurs ne se fait pas seulement par voie nasale mais aussi par voie buccale. On parle plus particuli\u00e8rement de la <strong>voie orthonasale<\/strong> pour d\u00e9signer le transport de mol\u00e9cules odorantes inspir\u00e9es par le nez alors que la <strong>voie r\u00e9tronasale <\/strong>est utilis\u00e9e pour parler de la lib\u00e9ration de mol\u00e9cules aromatiques au moment de la mastication des aliments qui sont aussi transport\u00e9es au niveau du bulbe olfactif en traversant la cavit\u00e9 buccale. Le nez a un r\u00f4le important dans la perception du go\u00fbt et nous en sommes bien conscients quand nous avons un rhume !<\/p>\n\n\n\n<p><br><\/p>\n\n\n\n<hr class=\"wp-block-separator\"\/>\n\n\n\n<h5 class=\"wp-block-heading\">R\u00e9f\u00e9rences bibliographiques<\/h5>\n\n\n\n<ul class=\"wp-block-list\"><li><span class=\"has-inline-color has-dark-green-color\">Pierre-Marie Lledo. Odeurs repr\u00e9sentations mentales<\/span><\/li><li><span class=\"has-inline-color has-dark-green-color\">Cedric Manesse. Le d\u00e9ficit olfactif : le comprendre, le diagnostiquer, et compenser ses effets sur la qualit\u00e9 de vie. Neurosciences. 2018<\/span><\/li><li><span class=\"has-inline-color has-dark-green-color\">Auriane Gros. Je ne peux plus me sentir. Rapport et apports de l\u2019olfaction dans la Maladie d&rsquo;Alzheimer. Universit\u00e9 de Nice. 2010<\/span><\/li><\/ul>\n","protected":false},"excerpt":{"rendered":"<p>Connaissez-vous le pouvoir \u00e9tonnant des odeurs sur nos \u00e9motions, notre comportement ? L&rsquo;action des odeurs, des ar\u00f4mes sur notre comportement au quotidien combine \u00e0 la fois des effets physiques mais aussi psychiques. Avez-vous conscience du pouvoir inconscient des odeurs ?&#8230;<\/p>\n<p><a class=\"more-link\" href=\"https:\/\/nathalie-faggianelli.fr\/index.php\/2021\/12\/04\/odeurs-emotions\/\">Read More<\/a><\/p>\n","protected":false},"author":1,"featured_media":0,"comment_status":"open","ping_status":"open","sticky":false,"template":"","format":"standard","meta":{"_genesis_hide_title":false,"_genesis_hide_breadcrumbs":false,"_genesis_hide_singular_image":false,"_genesis_hide_footer_widgets":false,"_genesis_custom_body_class":"","_genesis_custom_post_class":"","_genesis_layout":"","_jetpack_memberships_contains_paid_content":false,"footnotes":""},"categories":[4],"tags":[],"class_list":{"0":"post-1378","1":"post","2":"type-post","3":"status-publish","4":"format-standard","6":"category-aroma-phytotherapie","7":"entry","8":"has-post-thumbnail"},"yoast_head":"<!-- This site is optimized with the Yoast SEO plugin v27.5 - https:\/\/yoast.com\/product\/yoast-seo-wordpress\/ -->\n<title>Odeurs &amp; \u00e9motions - Nathalie Faggianelli<\/title>\n<meta name=\"description\" content=\"comment les odeurs et notamment les huiles essentielles agissent-elles sur notre cerveau et impactent-elles nos \u00e9motions?\" \/>\n<meta name=\"robots\" content=\"index, follow, max-snippet:-1, max-image-preview:large, max-video-preview:-1\" \/>\n<link rel=\"canonical\" href=\"https:\/\/nathalie-faggianelli.fr\/index.php\/2021\/12\/04\/odeurs-emotions\/\" \/>\n<meta property=\"og:locale\" content=\"fr_FR\" \/>\n<meta property=\"og:type\" content=\"article\" \/>\n<meta property=\"og:title\" content=\"Odeurs &amp; \u00e9motions - Nathalie Faggianelli\" \/>\n<meta property=\"og:description\" content=\"comment les odeurs et notamment les huiles essentielles agissent-elles sur notre cerveau et impactent-elles nos \u00e9motions?\" \/>\n<meta property=\"og:url\" content=\"https:\/\/nathalie-faggianelli.fr\/index.php\/2021\/12\/04\/odeurs-emotions\/\" \/>\n<meta property=\"og:site_name\" content=\"Nathalie Faggianelli\" \/>\n<meta property=\"article:published_time\" content=\"2021-12-04T17:54:33+00:00\" \/>\n<meta property=\"article:modified_time\" content=\"2022-02-13T17:06:42+00:00\" \/>\n<meta property=\"og:image\" content=\"https:\/\/nathalie-faggianelli.fr\/wp-content\/uploads\/2021\/12\/odeurcerveau1-1024x1024.jpg\" \/>\n<meta name=\"author\" content=\"nathalie.faggianelli@gmail.com\" \/>\n<meta name=\"twitter:card\" content=\"summary_large_image\" \/>\n<meta name=\"twitter:label1\" content=\"\u00c9crit par\" \/>\n\t<meta name=\"twitter:data1\" content=\"nathalie.faggianelli@gmail.com\" \/>\n\t<meta name=\"twitter:label2\" content=\"Dur\u00e9e de lecture estim\u00e9e\" \/>\n\t<meta name=\"twitter:data2\" content=\"8 minutes\" \/>\n<script type=\"application\/ld+json\" class=\"yoast-schema-graph\">{\"@context\":\"https:\\\/\\\/schema.org\",\"@graph\":[{\"@type\":\"Article\",\"@id\":\"https:\\\/\\\/nathalie-faggianelli.fr\\\/index.php\\\/2021\\\/12\\\/04\\\/odeurs-emotions\\\/#article\",\"isPartOf\":{\"@id\":\"https:\\\/\\\/nathalie-faggianelli.fr\\\/index.php\\\/2021\\\/12\\\/04\\\/odeurs-emotions\\\/\"},\"author\":{\"name\":\"nathalie.faggianelli@gmail.com\",\"@id\":\"https:\\\/\\\/nathalie-faggianelli.fr\\\/#\\\/schema\\\/person\\\/5f135111edf74342a00a7187930f89ad\"},\"headline\":\"Odeurs &#038; \u00e9motions\",\"datePublished\":\"2021-12-04T17:54:33+00:00\",\"dateModified\":\"2022-02-13T17:06:42+00:00\",\"mainEntityOfPage\":{\"@id\":\"https:\\\/\\\/nathalie-faggianelli.fr\\\/index.php\\\/2021\\\/12\\\/04\\\/odeurs-emotions\\\/\"},\"wordCount\":1473,\"commentCount\":0,\"publisher\":{\"@id\":\"https:\\\/\\\/nathalie-faggianelli.fr\\\/#organization\"},\"image\":{\"@id\":\"https:\\\/\\\/nathalie-faggianelli.fr\\\/index.php\\\/2021\\\/12\\\/04\\\/odeurs-emotions\\\/#primaryimage\"},\"thumbnailUrl\":\"https:\\\/\\\/nathalie-faggianelli.fr\\\/wp-content\\\/uploads\\\/2021\\\/12\\\/odeurcerveau1-1024x1024.jpg\",\"articleSection\":[\"Aroma-phytoth\u00e9rapie\"],\"inLanguage\":\"fr-FR\",\"potentialAction\":[{\"@type\":\"CommentAction\",\"name\":\"Comment\",\"target\":[\"https:\\\/\\\/nathalie-faggianelli.fr\\\/index.php\\\/2021\\\/12\\\/04\\\/odeurs-emotions\\\/#respond\"]}]},{\"@type\":\"WebPage\",\"@id\":\"https:\\\/\\\/nathalie-faggianelli.fr\\\/index.php\\\/2021\\\/12\\\/04\\\/odeurs-emotions\\\/\",\"url\":\"https:\\\/\\\/nathalie-faggianelli.fr\\\/index.php\\\/2021\\\/12\\\/04\\\/odeurs-emotions\\\/\",\"name\":\"Odeurs & \u00e9motions - Nathalie Faggianelli\",\"isPartOf\":{\"@id\":\"https:\\\/\\\/nathalie-faggianelli.fr\\\/#website\"},\"primaryImageOfPage\":{\"@id\":\"https:\\\/\\\/nathalie-faggianelli.fr\\\/index.php\\\/2021\\\/12\\\/04\\\/odeurs-emotions\\\/#primaryimage\"},\"image\":{\"@id\":\"https:\\\/\\\/nathalie-faggianelli.fr\\\/index.php\\\/2021\\\/12\\\/04\\\/odeurs-emotions\\\/#primaryimage\"},\"thumbnailUrl\":\"https:\\\/\\\/nathalie-faggianelli.fr\\\/wp-content\\\/uploads\\\/2021\\\/12\\\/odeurcerveau1-1024x1024.jpg\",\"datePublished\":\"2021-12-04T17:54:33+00:00\",\"dateModified\":\"2022-02-13T17:06:42+00:00\",\"description\":\"comment les odeurs et notamment les huiles essentielles agissent-elles sur notre cerveau et impactent-elles nos \u00e9motions?\",\"breadcrumb\":{\"@id\":\"https:\\\/\\\/nathalie-faggianelli.fr\\\/index.php\\\/2021\\\/12\\\/04\\\/odeurs-emotions\\\/#breadcrumb\"},\"inLanguage\":\"fr-FR\",\"potentialAction\":[{\"@type\":\"ReadAction\",\"target\":[\"https:\\\/\\\/nathalie-faggianelli.fr\\\/index.php\\\/2021\\\/12\\\/04\\\/odeurs-emotions\\\/\"]}]},{\"@type\":\"ImageObject\",\"inLanguage\":\"fr-FR\",\"@id\":\"https:\\\/\\\/nathalie-faggianelli.fr\\\/index.php\\\/2021\\\/12\\\/04\\\/odeurs-emotions\\\/#primaryimage\",\"url\":\"https:\\\/\\\/nathalie-faggianelli.fr\\\/wp-content\\\/uploads\\\/2021\\\/12\\\/odeurcerveau1.jpg\",\"contentUrl\":\"https:\\\/\\\/nathalie-faggianelli.fr\\\/wp-content\\\/uploads\\\/2021\\\/12\\\/odeurcerveau1.jpg\",\"width\":1080,\"height\":1080},{\"@type\":\"BreadcrumbList\",\"@id\":\"https:\\\/\\\/nathalie-faggianelli.fr\\\/index.php\\\/2021\\\/12\\\/04\\\/odeurs-emotions\\\/#breadcrumb\",\"itemListElement\":[{\"@type\":\"ListItem\",\"position\":1,\"name\":\"Accueil\",\"item\":\"https:\\\/\\\/nathalie-faggianelli.fr\\\/index.php\\\/page-daccueil\\\/\"},{\"@type\":\"ListItem\",\"position\":2,\"name\":\"Odeurs &#038; \u00e9motions\"}]},{\"@type\":\"WebSite\",\"@id\":\"https:\\\/\\\/nathalie-faggianelli.fr\\\/#website\",\"url\":\"https:\\\/\\\/nathalie-faggianelli.fr\\\/\",\"name\":\"Nathalie Faggianelli\",\"description\":\"Phyto-Aromatologue, naturopathe, form\u00e9e en micronutrition \u00e0 Lille - La Madeleine ou en ligne\",\"publisher\":{\"@id\":\"https:\\\/\\\/nathalie-faggianelli.fr\\\/#organization\"},\"potentialAction\":[{\"@type\":\"SearchAction\",\"target\":{\"@type\":\"EntryPoint\",\"urlTemplate\":\"https:\\\/\\\/nathalie-faggianelli.fr\\\/?s={search_term_string}\"},\"query-input\":{\"@type\":\"PropertyValueSpecification\",\"valueRequired\":true,\"valueName\":\"search_term_string\"}}],\"inLanguage\":\"fr-FR\"},{\"@type\":\"Organization\",\"@id\":\"https:\\\/\\\/nathalie-faggianelli.fr\\\/#organization\",\"name\":\"Nathalie Faggianelli\",\"url\":\"https:\\\/\\\/nathalie-faggianelli.fr\\\/\",\"logo\":{\"@type\":\"ImageObject\",\"inLanguage\":\"fr-FR\",\"@id\":\"https:\\\/\\\/nathalie-faggianelli.fr\\\/#\\\/schema\\\/logo\\\/image\\\/\",\"url\":\"https:\\\/\\\/nathalie-faggianelli.fr\\\/wp-content\\\/uploads\\\/2021\\\/07\\\/logo-pro1.png\",\"contentUrl\":\"https:\\\/\\\/nathalie-faggianelli.fr\\\/wp-content\\\/uploads\\\/2021\\\/07\\\/logo-pro1.png\",\"width\":1728,\"height\":1521,\"caption\":\"Nathalie Faggianelli\"},\"image\":{\"@id\":\"https:\\\/\\\/nathalie-faggianelli.fr\\\/#\\\/schema\\\/logo\\\/image\\\/\"}},{\"@type\":\"Person\",\"@id\":\"https:\\\/\\\/nathalie-faggianelli.fr\\\/#\\\/schema\\\/person\\\/5f135111edf74342a00a7187930f89ad\",\"name\":\"nathalie.faggianelli@gmail.com\",\"image\":{\"@type\":\"ImageObject\",\"inLanguage\":\"fr-FR\",\"@id\":\"https:\\\/\\\/secure.gravatar.com\\\/avatar\\\/4fcc83727d6ce5aebd46ba120922531f8f482f2d4fe289593e0c8c582085b593?s=96&d=mm&r=g\",\"url\":\"https:\\\/\\\/secure.gravatar.com\\\/avatar\\\/4fcc83727d6ce5aebd46ba120922531f8f482f2d4fe289593e0c8c582085b593?s=96&d=mm&r=g\",\"contentUrl\":\"https:\\\/\\\/secure.gravatar.com\\\/avatar\\\/4fcc83727d6ce5aebd46ba120922531f8f482f2d4fe289593e0c8c582085b593?s=96&d=mm&r=g\",\"caption\":\"nathalie.faggianelli@gmail.com\"},\"sameAs\":[\"http:\\\/\\\/nathalie-faggianelli.fr\"],\"url\":\"https:\\\/\\\/nathalie-faggianelli.fr\\\/index.php\\\/author\\\/nathalie-faggianelligmail-com\\\/\"}]}<\/script>\n<!-- \/ Yoast SEO plugin. -->","yoast_head_json":{"title":"Odeurs & \u00e9motions - Nathalie Faggianelli","description":"comment les odeurs et notamment les huiles essentielles agissent-elles sur notre cerveau et impactent-elles nos \u00e9motions?","robots":{"index":"index","follow":"follow","max-snippet":"max-snippet:-1","max-image-preview":"max-image-preview:large","max-video-preview":"max-video-preview:-1"},"canonical":"https:\/\/nathalie-faggianelli.fr\/index.php\/2021\/12\/04\/odeurs-emotions\/","og_locale":"fr_FR","og_type":"article","og_title":"Odeurs & \u00e9motions - Nathalie Faggianelli","og_description":"comment les odeurs et notamment les huiles essentielles agissent-elles sur notre cerveau et impactent-elles nos \u00e9motions?","og_url":"https:\/\/nathalie-faggianelli.fr\/index.php\/2021\/12\/04\/odeurs-emotions\/","og_site_name":"Nathalie Faggianelli","article_published_time":"2021-12-04T17:54:33+00:00","article_modified_time":"2022-02-13T17:06:42+00:00","og_image":[{"url":"https:\/\/nathalie-faggianelli.fr\/wp-content\/uploads\/2021\/12\/odeurcerveau1-1024x1024.jpg","type":"","width":"","height":""}],"author":"nathalie.faggianelli@gmail.com","twitter_card":"summary_large_image","twitter_misc":{"\u00c9crit par":"nathalie.faggianelli@gmail.com","Dur\u00e9e de lecture estim\u00e9e":"8 minutes"},"schema":{"@context":"https:\/\/schema.org","@graph":[{"@type":"Article","@id":"https:\/\/nathalie-faggianelli.fr\/index.php\/2021\/12\/04\/odeurs-emotions\/#article","isPartOf":{"@id":"https:\/\/nathalie-faggianelli.fr\/index.php\/2021\/12\/04\/odeurs-emotions\/"},"author":{"name":"nathalie.faggianelli@gmail.com","@id":"https:\/\/nathalie-faggianelli.fr\/#\/schema\/person\/5f135111edf74342a00a7187930f89ad"},"headline":"Odeurs &#038; \u00e9motions","datePublished":"2021-12-04T17:54:33+00:00","dateModified":"2022-02-13T17:06:42+00:00","mainEntityOfPage":{"@id":"https:\/\/nathalie-faggianelli.fr\/index.php\/2021\/12\/04\/odeurs-emotions\/"},"wordCount":1473,"commentCount":0,"publisher":{"@id":"https:\/\/nathalie-faggianelli.fr\/#organization"},"image":{"@id":"https:\/\/nathalie-faggianelli.fr\/index.php\/2021\/12\/04\/odeurs-emotions\/#primaryimage"},"thumbnailUrl":"https:\/\/nathalie-faggianelli.fr\/wp-content\/uploads\/2021\/12\/odeurcerveau1-1024x1024.jpg","articleSection":["Aroma-phytoth\u00e9rapie"],"inLanguage":"fr-FR","potentialAction":[{"@type":"CommentAction","name":"Comment","target":["https:\/\/nathalie-faggianelli.fr\/index.php\/2021\/12\/04\/odeurs-emotions\/#respond"]}]},{"@type":"WebPage","@id":"https:\/\/nathalie-faggianelli.fr\/index.php\/2021\/12\/04\/odeurs-emotions\/","url":"https:\/\/nathalie-faggianelli.fr\/index.php\/2021\/12\/04\/odeurs-emotions\/","name":"Odeurs & \u00e9motions - Nathalie Faggianelli","isPartOf":{"@id":"https:\/\/nathalie-faggianelli.fr\/#website"},"primaryImageOfPage":{"@id":"https:\/\/nathalie-faggianelli.fr\/index.php\/2021\/12\/04\/odeurs-emotions\/#primaryimage"},"image":{"@id":"https:\/\/nathalie-faggianelli.fr\/index.php\/2021\/12\/04\/odeurs-emotions\/#primaryimage"},"thumbnailUrl":"https:\/\/nathalie-faggianelli.fr\/wp-content\/uploads\/2021\/12\/odeurcerveau1-1024x1024.jpg","datePublished":"2021-12-04T17:54:33+00:00","dateModified":"2022-02-13T17:06:42+00:00","description":"comment les odeurs et notamment les huiles essentielles agissent-elles sur notre cerveau et impactent-elles nos \u00e9motions?","breadcrumb":{"@id":"https:\/\/nathalie-faggianelli.fr\/index.php\/2021\/12\/04\/odeurs-emotions\/#breadcrumb"},"inLanguage":"fr-FR","potentialAction":[{"@type":"ReadAction","target":["https:\/\/nathalie-faggianelli.fr\/index.php\/2021\/12\/04\/odeurs-emotions\/"]}]},{"@type":"ImageObject","inLanguage":"fr-FR","@id":"https:\/\/nathalie-faggianelli.fr\/index.php\/2021\/12\/04\/odeurs-emotions\/#primaryimage","url":"https:\/\/nathalie-faggianelli.fr\/wp-content\/uploads\/2021\/12\/odeurcerveau1.jpg","contentUrl":"https:\/\/nathalie-faggianelli.fr\/wp-content\/uploads\/2021\/12\/odeurcerveau1.jpg","width":1080,"height":1080},{"@type":"BreadcrumbList","@id":"https:\/\/nathalie-faggianelli.fr\/index.php\/2021\/12\/04\/odeurs-emotions\/#breadcrumb","itemListElement":[{"@type":"ListItem","position":1,"name":"Accueil","item":"https:\/\/nathalie-faggianelli.fr\/index.php\/page-daccueil\/"},{"@type":"ListItem","position":2,"name":"Odeurs &#038; \u00e9motions"}]},{"@type":"WebSite","@id":"https:\/\/nathalie-faggianelli.fr\/#website","url":"https:\/\/nathalie-faggianelli.fr\/","name":"Nathalie Faggianelli","description":"Phyto-Aromatologue, naturopathe, form\u00e9e en micronutrition \u00e0 Lille - La Madeleine ou en ligne","publisher":{"@id":"https:\/\/nathalie-faggianelli.fr\/#organization"},"potentialAction":[{"@type":"SearchAction","target":{"@type":"EntryPoint","urlTemplate":"https:\/\/nathalie-faggianelli.fr\/?s={search_term_string}"},"query-input":{"@type":"PropertyValueSpecification","valueRequired":true,"valueName":"search_term_string"}}],"inLanguage":"fr-FR"},{"@type":"Organization","@id":"https:\/\/nathalie-faggianelli.fr\/#organization","name":"Nathalie Faggianelli","url":"https:\/\/nathalie-faggianelli.fr\/","logo":{"@type":"ImageObject","inLanguage":"fr-FR","@id":"https:\/\/nathalie-faggianelli.fr\/#\/schema\/logo\/image\/","url":"https:\/\/nathalie-faggianelli.fr\/wp-content\/uploads\/2021\/07\/logo-pro1.png","contentUrl":"https:\/\/nathalie-faggianelli.fr\/wp-content\/uploads\/2021\/07\/logo-pro1.png","width":1728,"height":1521,"caption":"Nathalie Faggianelli"},"image":{"@id":"https:\/\/nathalie-faggianelli.fr\/#\/schema\/logo\/image\/"}},{"@type":"Person","@id":"https:\/\/nathalie-faggianelli.fr\/#\/schema\/person\/5f135111edf74342a00a7187930f89ad","name":"nathalie.faggianelli@gmail.com","image":{"@type":"ImageObject","inLanguage":"fr-FR","@id":"https:\/\/secure.gravatar.com\/avatar\/4fcc83727d6ce5aebd46ba120922531f8f482f2d4fe289593e0c8c582085b593?s=96&d=mm&r=g","url":"https:\/\/secure.gravatar.com\/avatar\/4fcc83727d6ce5aebd46ba120922531f8f482f2d4fe289593e0c8c582085b593?s=96&d=mm&r=g","contentUrl":"https:\/\/secure.gravatar.com\/avatar\/4fcc83727d6ce5aebd46ba120922531f8f482f2d4fe289593e0c8c582085b593?s=96&d=mm&r=g","caption":"nathalie.faggianelli@gmail.com"},"sameAs":["http:\/\/nathalie-faggianelli.fr"],"url":"https:\/\/nathalie-faggianelli.fr\/index.php\/author\/nathalie-faggianelligmail-com\/"}]}},"jetpack_featured_media_url":"","jetpack_sharing_enabled":true,"_links":{"self":[{"href":"https:\/\/nathalie-faggianelli.fr\/index.php\/wp-json\/wp\/v2\/posts\/1378","targetHints":{"allow":["GET"]}}],"collection":[{"href":"https:\/\/nathalie-faggianelli.fr\/index.php\/wp-json\/wp\/v2\/posts"}],"about":[{"href":"https:\/\/nathalie-faggianelli.fr\/index.php\/wp-json\/wp\/v2\/types\/post"}],"author":[{"embeddable":true,"href":"https:\/\/nathalie-faggianelli.fr\/index.php\/wp-json\/wp\/v2\/users\/1"}],"replies":[{"embeddable":true,"href":"https:\/\/nathalie-faggianelli.fr\/index.php\/wp-json\/wp\/v2\/comments?post=1378"}],"version-history":[{"count":7,"href":"https:\/\/nathalie-faggianelli.fr\/index.php\/wp-json\/wp\/v2\/posts\/1378\/revisions"}],"predecessor-version":[{"id":1837,"href":"https:\/\/nathalie-faggianelli.fr\/index.php\/wp-json\/wp\/v2\/posts\/1378\/revisions\/1837"}],"wp:attachment":[{"href":"https:\/\/nathalie-faggianelli.fr\/index.php\/wp-json\/wp\/v2\/media?parent=1378"}],"wp:term":[{"taxonomy":"category","embeddable":true,"href":"https:\/\/nathalie-faggianelli.fr\/index.php\/wp-json\/wp\/v2\/categories?post=1378"},{"taxonomy":"post_tag","embeddable":true,"href":"https:\/\/nathalie-faggianelli.fr\/index.php\/wp-json\/wp\/v2\/tags?post=1378"}],"curies":[{"name":"wp","href":"https:\/\/api.w.org\/{rel}","templated":true}]}}