{"id":2084,"date":"2022-04-10T12:43:54","date_gmt":"2022-04-10T12:43:54","guid":{"rendered":"https:\/\/nathalie-faggianelli.fr\/?p=2084"},"modified":"2022-04-10T12:43:57","modified_gmt":"2022-04-10T12:43:57","slug":"pate-a-tarte-salee","status":"publish","type":"post","link":"https:\/\/nathalie-faggianelli.fr\/index.php\/2022\/04\/10\/pate-a-tarte-salee\/","title":{"rendered":"P\u00e2te \u00e0 tarte sal\u00e9e"},"content":{"rendered":"\n<div class=\"wp-block-columns is-layout-flex wp-container-core-columns-is-layout-9d6595d7 wp-block-columns-is-layout-flex\">\n<div class=\"wp-block-column is-layout-flow wp-block-column-is-layout-flow\">\n<figure class=\"wp-block-image size-full\"><img loading=\"lazy\" decoding=\"async\" width=\"886\" height=\"886\" src=\"https:\/\/nathalie-faggianelli.fr\/wp-content\/uploads\/2022\/04\/4F574B62-120E-4CF2-83EA-05A5A23D0C70_1_105_c.jpeg\" alt=\"recette de p\u00e2te \u00e0 tarte sal\u00e9e\" class=\"wp-image-2085\" srcset=\"https:\/\/nathalie-faggianelli.fr\/wp-content\/uploads\/2022\/04\/4F574B62-120E-4CF2-83EA-05A5A23D0C70_1_105_c.jpeg 886w, https:\/\/nathalie-faggianelli.fr\/wp-content\/uploads\/2022\/04\/4F574B62-120E-4CF2-83EA-05A5A23D0C70_1_105_c-100x100.jpeg 100w, https:\/\/nathalie-faggianelli.fr\/wp-content\/uploads\/2022\/04\/4F574B62-120E-4CF2-83EA-05A5A23D0C70_1_105_c-600x600.jpeg 600w, https:\/\/nathalie-faggianelli.fr\/wp-content\/uploads\/2022\/04\/4F574B62-120E-4CF2-83EA-05A5A23D0C70_1_105_c-300x300.jpeg 300w, https:\/\/nathalie-faggianelli.fr\/wp-content\/uploads\/2022\/04\/4F574B62-120E-4CF2-83EA-05A5A23D0C70_1_105_c-150x150.jpeg 150w, https:\/\/nathalie-faggianelli.fr\/wp-content\/uploads\/2022\/04\/4F574B62-120E-4CF2-83EA-05A5A23D0C70_1_105_c-768x768.jpeg 768w\" sizes=\"auto, (max-width: 886px) 100vw, 886px\" \/><\/figure>\n<\/div>\n\n\n\n<div class=\"wp-block-column is-layout-flow wp-block-column-is-layout-flow\">\n<p><em>Je n&rsquo;ach\u00e8te plus de p\u00e2te \u00e0 tarte sal\u00e9e toute pr\u00eate pour mes quiches et tartes sal\u00e9es. Je vous livre ma recette pr\u00eate en 5 minutes top chrono. Une alternative plus digeste et plus saine aux p\u00e2tes du commerce \u00e0 la margarine v\u00e9g\u00e9tale ou aux graisses trans !<\/em><\/p>\n<\/div>\n<\/div>\n\n\n\n<h2 class=\"wp-block-heading\">Ma recette de p\u00e2te \u00e0 tarte sal\u00e9e<\/h2>\n\n\n\n<div class=\"wp-block-columns is-layout-flex wp-container-core-columns-is-layout-9d6595d7 wp-block-columns-is-layout-flex\">\n<div class=\"wp-block-column is-layout-flow wp-block-column-is-layout-flow\" style=\"flex-basis:66.66%\">\n<h5 class=\"wp-block-heading\">Farine de bl\u00e9 <\/h5>\n\n\n\n<p>100g de farine de bl\u00e9 compl\u00e8te <br>100g de farine de bl\u00e9 T65 <br>4 C\u00e0S d&rsquo;huile d&rsquo;olive vierge<br>6-7 C\u00e0S eau ou de vin blanc<br>1 pinc\u00e9e de sel<br>+ aromates (origan, thym s\u00e9ch\u00e9, herbes de Provence, curry, paprika, cumin, graines de pavot, de s\u00e9same&#8230;)<br><br><br><\/p>\n<\/div>\n\n\n\n<div class=\"wp-block-column is-layout-flow wp-block-column-is-layout-flow\" style=\"flex-basis:33.33%\">\n<figure class=\"wp-block-image size-large\"><img loading=\"lazy\" decoding=\"async\" width=\"1024\" height=\"1024\" src=\"https:\/\/nathalie-faggianelli.fr\/wp-content\/uploads\/2022\/04\/P1170613-1024x1024.jpg\" alt=\"p\u00e2te \u00e0 tarte sal\u00e9e IG bas\" class=\"wp-image-2086\" srcset=\"https:\/\/nathalie-faggianelli.fr\/wp-content\/uploads\/2022\/04\/P1170613-1024x1024.jpg 1024w, https:\/\/nathalie-faggianelli.fr\/wp-content\/uploads\/2022\/04\/P1170613-100x100.jpg 100w, https:\/\/nathalie-faggianelli.fr\/wp-content\/uploads\/2022\/04\/P1170613-600x600.jpg 600w, https:\/\/nathalie-faggianelli.fr\/wp-content\/uploads\/2022\/04\/P1170613-300x300.jpg 300w, https:\/\/nathalie-faggianelli.fr\/wp-content\/uploads\/2022\/04\/P1170613-150x150.jpg 150w, https:\/\/nathalie-faggianelli.fr\/wp-content\/uploads\/2022\/04\/P1170613-768x768.jpg 768w, https:\/\/nathalie-faggianelli.fr\/wp-content\/uploads\/2022\/04\/P1170613-1536x1536.jpg 1536w, https:\/\/nathalie-faggianelli.fr\/wp-content\/uploads\/2022\/04\/P1170613-2048x2048.jpg 2048w\" sizes=\"auto, (max-width: 1024px) 100vw, 1024px\" \/><\/figure>\n<\/div>\n<\/div>\n\n\n\n<div class=\"wp-block-columns is-layout-flex wp-container-core-columns-is-layout-9d6595d7 wp-block-columns-is-layout-flex\">\n<div class=\"wp-block-column is-layout-flow wp-block-column-is-layout-flow\" style=\"flex-basis:33.33%\">\n<figure class=\"wp-block-image size-large\"><img loading=\"lazy\" decoding=\"async\" width=\"1024\" height=\"1024\" src=\"https:\/\/nathalie-faggianelli.fr\/wp-content\/uploads\/2022\/04\/P1170594-1024x1024.jpg\" alt=\"p\u00e2te \u00e0 tarte sal\u00e9e maison\" class=\"wp-image-2088\" srcset=\"https:\/\/nathalie-faggianelli.fr\/wp-content\/uploads\/2022\/04\/P1170594-1024x1024.jpg 1024w, https:\/\/nathalie-faggianelli.fr\/wp-content\/uploads\/2022\/04\/P1170594-100x100.jpg 100w, https:\/\/nathalie-faggianelli.fr\/wp-content\/uploads\/2022\/04\/P1170594-600x600.jpg 600w, https:\/\/nathalie-faggianelli.fr\/wp-content\/uploads\/2022\/04\/P1170594-300x300.jpg 300w, https:\/\/nathalie-faggianelli.fr\/wp-content\/uploads\/2022\/04\/P1170594-150x150.jpg 150w, https:\/\/nathalie-faggianelli.fr\/wp-content\/uploads\/2022\/04\/P1170594-768x768.jpg 768w, https:\/\/nathalie-faggianelli.fr\/wp-content\/uploads\/2022\/04\/P1170594-1536x1536.jpg 1536w, https:\/\/nathalie-faggianelli.fr\/wp-content\/uploads\/2022\/04\/P1170594-2048x2048.jpg 2048w\" sizes=\"auto, (max-width: 1024px) 100vw, 1024px\" \/><\/figure>\n<\/div>\n\n\n\n<div class=\"wp-block-column is-layout-flow wp-block-column-is-layout-flow\" style=\"flex-basis:66.66%\">\n<h5 class=\"wp-block-heading\">Farines seigle et epeautre<\/h5>\n\n\n\n<p>100g de farine de seigle compl\u00e8te ou T110<br>100g de farine de grand \u00e9peautre T110<br>autres ingr\u00e9dients similaires. <\/p>\n\n\n\n<h5 class=\"wp-block-heading\">Autre variante<\/h5>\n\n\n\n<p>Il est aussi possible de remplacer 50g du total de farine par de la farine de ma\u00efs qui apportera plus de moelleux. Mais elle a une charge glyc\u00e9mique un peu plus haute et est plus inflammatoire si vous devez faire attention \u00e0 ces param\u00e8tres. <\/p>\n<\/div>\n<\/div>\n\n\n\n<div class=\"wp-block-image\"><figure class=\"aligncenter size-large is-resized\"><img loading=\"lazy\" decoding=\"async\" src=\"https:\/\/nathalie-faggianelli.fr\/wp-content\/uploads\/2022\/04\/P1170603-1024x1024.jpg\" alt=\"recette de p\u00e2te \u00e0 tarte facile et saine\" class=\"wp-image-2087\" width=\"531\" height=\"531\" srcset=\"https:\/\/nathalie-faggianelli.fr\/wp-content\/uploads\/2022\/04\/P1170603-1024x1024.jpg 1024w, https:\/\/nathalie-faggianelli.fr\/wp-content\/uploads\/2022\/04\/P1170603-100x100.jpg 100w, https:\/\/nathalie-faggianelli.fr\/wp-content\/uploads\/2022\/04\/P1170603-600x600.jpg 600w, https:\/\/nathalie-faggianelli.fr\/wp-content\/uploads\/2022\/04\/P1170603-300x300.jpg 300w, https:\/\/nathalie-faggianelli.fr\/wp-content\/uploads\/2022\/04\/P1170603-150x150.jpg 150w, https:\/\/nathalie-faggianelli.fr\/wp-content\/uploads\/2022\/04\/P1170603-768x768.jpg 768w, https:\/\/nathalie-faggianelli.fr\/wp-content\/uploads\/2022\/04\/P1170603-1536x1536.jpg 1536w, https:\/\/nathalie-faggianelli.fr\/wp-content\/uploads\/2022\/04\/P1170603-2048x2048.jpg 2048w\" sizes=\"auto, (max-width: 531px) 100vw, 531px\" \/><\/figure><\/div>\n\n\n\n<p>M\u00e9langer le tout pour former une jolie boule, soit \u00e0 la main soit avec un robot patissier. Ne pas trop travailler et p\u00e9trir la p\u00e2te. Selon la farine utilis\u00e9e, notamment les farines de petit et grand \u00e9peautre, il faudra peut-\u00eatre ajouter une cuill\u00e8re \u00e0 soupe de liquide. Laisser reposer 30min au frais ou utiliser de suite (le repos n&rsquo;est pas n\u00e9cessaire). Etaler, piquer \u00e0 la fourchette et garnir ! <\/p>\n\n\n\n<h2 class=\"wp-block-heading\">Des id\u00e9es de quiches et tartes sal\u00e9es<\/h2>\n\n\n\n<p>Vous pourrez utiliser cette p\u00e2te pour de d\u00e9licieuses tartes et quiches. Voici quelques id\u00e9es :<\/p>\n\n\n\n<ul class=\"wp-block-list\"><li>tatin de tomates cerises<\/li><li>poireaux, champignons et ch\u00e8vre <\/li><li>carottes au thym, ch\u00e8vre frais<\/li><li>courgettes et carottes<\/li><li>blettes et lardons fermiers<\/li><li>\u00e9pinards, tomates s\u00e9ch\u00e9es et amande torr\u00e9fi\u00e9es<\/li><\/ul>\n\n\n\n<p>D\u00e9couvrez d&rsquo;autres recettes gourmandes sur le <a href=\"https:\/\/nathalie-faggianelli.fr\/index.php\/category\/recettes\/\">BLOG RECETTES.<\/a> <\/p>\n","protected":false},"excerpt":{"rendered":"<p>Je n&rsquo;ach\u00e8te plus de p\u00e2te \u00e0 tarte sal\u00e9e toute pr\u00eate pour mes quiches et tartes sal\u00e9es. Je vous livre ma recette pr\u00eate en 5 minutes top chrono. Une alternative plus digeste et plus saine aux p\u00e2tes du commerce \u00e0 la&#8230;<\/p>\n<p><a class=\"more-link\" href=\"https:\/\/nathalie-faggianelli.fr\/index.php\/2022\/04\/10\/pate-a-tarte-salee\/\">Read More<\/a><\/p>\n","protected":false},"author":1,"featured_media":2085,"comment_status":"open","ping_status":"open","sticky":false,"template":"","format":"standard","meta":{"_genesis_hide_title":false,"_genesis_hide_breadcrumbs":false,"_genesis_hide_singular_image":false,"_genesis_hide_footer_widgets":false,"_genesis_custom_body_class":"","_genesis_custom_post_class":"","_genesis_layout":"","_jetpack_memberships_contains_paid_content":false,"footnotes":""},"categories":[5],"tags":[],"class_list":{"0":"post-2084","1":"post","2":"type-post","3":"status-publish","4":"format-standard","5":"has-post-thumbnail","7":"category-recettes-de-cuisine","8":"entry"},"yoast_head":"<!-- This site is optimized with the Yoast SEO plugin v27.5 - https:\/\/yoast.com\/product\/yoast-seo-wordpress\/ -->\n<title>P\u00e2te \u00e0 tarte sal\u00e9e - Nathalie Faggianelli<\/title>\n<meta name=\"description\" content=\"Une recette de p\u00e2te \u00e0 tarte sal\u00e9e maison, facile \u00e0 r\u00e9aliser et saine. IG bas avec des farines non raffin\u00e9es et de l&#039;huile d&#039;olive.\" \/>\n<meta name=\"robots\" content=\"index, follow, max-snippet:-1, max-image-preview:large, max-video-preview:-1\" \/>\n<link rel=\"canonical\" href=\"https:\/\/nathalie-faggianelli.fr\/index.php\/2022\/04\/10\/pate-a-tarte-salee\/\" \/>\n<meta property=\"og:locale\" content=\"fr_FR\" \/>\n<meta property=\"og:type\" content=\"article\" \/>\n<meta property=\"og:title\" content=\"P\u00e2te \u00e0 tarte sal\u00e9e - Nathalie Faggianelli\" \/>\n<meta property=\"og:description\" content=\"Une recette de p\u00e2te \u00e0 tarte sal\u00e9e maison, facile \u00e0 r\u00e9aliser et saine. IG bas avec des farines non raffin\u00e9es et de l&#039;huile d&#039;olive.\" \/>\n<meta property=\"og:url\" content=\"https:\/\/nathalie-faggianelli.fr\/index.php\/2022\/04\/10\/pate-a-tarte-salee\/\" \/>\n<meta property=\"og:site_name\" content=\"Nathalie Faggianelli\" \/>\n<meta property=\"article:published_time\" content=\"2022-04-10T12:43:54+00:00\" \/>\n<meta property=\"article:modified_time\" content=\"2022-04-10T12:43:57+00:00\" \/>\n<meta property=\"og:image\" content=\"https:\/\/nathalie-faggianelli.fr\/wp-content\/uploads\/2022\/04\/4F574B62-120E-4CF2-83EA-05A5A23D0C70_1_105_c.jpeg\" \/>\n\t<meta property=\"og:image:width\" content=\"886\" \/>\n\t<meta property=\"og:image:height\" content=\"886\" \/>\n\t<meta property=\"og:image:type\" content=\"image\/jpeg\" \/>\n<meta name=\"author\" content=\"nathalie.faggianelli@gmail.com\" \/>\n<meta name=\"twitter:card\" content=\"summary_large_image\" \/>\n<meta name=\"twitter:label1\" content=\"\u00c9crit par\" \/>\n\t<meta name=\"twitter:data1\" content=\"nathalie.faggianelli@gmail.com\" \/>\n\t<meta name=\"twitter:label2\" content=\"Dur\u00e9e de lecture estim\u00e9e\" \/>\n\t<meta name=\"twitter:data2\" content=\"3 minutes\" \/>\n<script type=\"application\/ld+json\" class=\"yoast-schema-graph\">{\"@context\":\"https:\\\/\\\/schema.org\",\"@graph\":[{\"@type\":\"Article\",\"@id\":\"https:\\\/\\\/nathalie-faggianelli.fr\\\/index.php\\\/2022\\\/04\\\/10\\\/pate-a-tarte-salee\\\/#article\",\"isPartOf\":{\"@id\":\"https:\\\/\\\/nathalie-faggianelli.fr\\\/index.php\\\/2022\\\/04\\\/10\\\/pate-a-tarte-salee\\\/\"},\"author\":{\"name\":\"nathalie.faggianelli@gmail.com\",\"@id\":\"https:\\\/\\\/nathalie-faggianelli.fr\\\/#\\\/schema\\\/person\\\/5f135111edf74342a00a7187930f89ad\"},\"headline\":\"P\u00e2te \u00e0 tarte sal\u00e9e\",\"datePublished\":\"2022-04-10T12:43:54+00:00\",\"dateModified\":\"2022-04-10T12:43:57+00:00\",\"mainEntityOfPage\":{\"@id\":\"https:\\\/\\\/nathalie-faggianelli.fr\\\/index.php\\\/2022\\\/04\\\/10\\\/pate-a-tarte-salee\\\/\"},\"wordCount\":326,\"commentCount\":0,\"publisher\":{\"@id\":\"https:\\\/\\\/nathalie-faggianelli.fr\\\/#organization\"},\"image\":{\"@id\":\"https:\\\/\\\/nathalie-faggianelli.fr\\\/index.php\\\/2022\\\/04\\\/10\\\/pate-a-tarte-salee\\\/#primaryimage\"},\"thumbnailUrl\":\"https:\\\/\\\/nathalie-faggianelli.fr\\\/wp-content\\\/uploads\\\/2022\\\/04\\\/4F574B62-120E-4CF2-83EA-05A5A23D0C70_1_105_c.jpeg\",\"articleSection\":[\"Recettes de cuisine\"],\"inLanguage\":\"fr-FR\",\"potentialAction\":[{\"@type\":\"CommentAction\",\"name\":\"Comment\",\"target\":[\"https:\\\/\\\/nathalie-faggianelli.fr\\\/index.php\\\/2022\\\/04\\\/10\\\/pate-a-tarte-salee\\\/#respond\"]}]},{\"@type\":\"WebPage\",\"@id\":\"https:\\\/\\\/nathalie-faggianelli.fr\\\/index.php\\\/2022\\\/04\\\/10\\\/pate-a-tarte-salee\\\/\",\"url\":\"https:\\\/\\\/nathalie-faggianelli.fr\\\/index.php\\\/2022\\\/04\\\/10\\\/pate-a-tarte-salee\\\/\",\"name\":\"P\u00e2te \u00e0 tarte sal\u00e9e - Nathalie Faggianelli\",\"isPartOf\":{\"@id\":\"https:\\\/\\\/nathalie-faggianelli.fr\\\/#website\"},\"primaryImageOfPage\":{\"@id\":\"https:\\\/\\\/nathalie-faggianelli.fr\\\/index.php\\\/2022\\\/04\\\/10\\\/pate-a-tarte-salee\\\/#primaryimage\"},\"image\":{\"@id\":\"https:\\\/\\\/nathalie-faggianelli.fr\\\/index.php\\\/2022\\\/04\\\/10\\\/pate-a-tarte-salee\\\/#primaryimage\"},\"thumbnailUrl\":\"https:\\\/\\\/nathalie-faggianelli.fr\\\/wp-content\\\/uploads\\\/2022\\\/04\\\/4F574B62-120E-4CF2-83EA-05A5A23D0C70_1_105_c.jpeg\",\"datePublished\":\"2022-04-10T12:43:54+00:00\",\"dateModified\":\"2022-04-10T12:43:57+00:00\",\"description\":\"Une recette de p\u00e2te \u00e0 tarte sal\u00e9e maison, facile \u00e0 r\u00e9aliser et saine. IG bas avec des farines non raffin\u00e9es et de l'huile d'olive.\",\"breadcrumb\":{\"@id\":\"https:\\\/\\\/nathalie-faggianelli.fr\\\/index.php\\\/2022\\\/04\\\/10\\\/pate-a-tarte-salee\\\/#breadcrumb\"},\"inLanguage\":\"fr-FR\",\"potentialAction\":[{\"@type\":\"ReadAction\",\"target\":[\"https:\\\/\\\/nathalie-faggianelli.fr\\\/index.php\\\/2022\\\/04\\\/10\\\/pate-a-tarte-salee\\\/\"]}]},{\"@type\":\"ImageObject\",\"inLanguage\":\"fr-FR\",\"@id\":\"https:\\\/\\\/nathalie-faggianelli.fr\\\/index.php\\\/2022\\\/04\\\/10\\\/pate-a-tarte-salee\\\/#primaryimage\",\"url\":\"https:\\\/\\\/nathalie-faggianelli.fr\\\/wp-content\\\/uploads\\\/2022\\\/04\\\/4F574B62-120E-4CF2-83EA-05A5A23D0C70_1_105_c.jpeg\",\"contentUrl\":\"https:\\\/\\\/nathalie-faggianelli.fr\\\/wp-content\\\/uploads\\\/2022\\\/04\\\/4F574B62-120E-4CF2-83EA-05A5A23D0C70_1_105_c.jpeg\",\"width\":886,\"height\":886},{\"@type\":\"BreadcrumbList\",\"@id\":\"https:\\\/\\\/nathalie-faggianelli.fr\\\/index.php\\\/2022\\\/04\\\/10\\\/pate-a-tarte-salee\\\/#breadcrumb\",\"itemListElement\":[{\"@type\":\"ListItem\",\"position\":1,\"name\":\"Accueil\",\"item\":\"https:\\\/\\\/nathalie-faggianelli.fr\\\/index.php\\\/page-daccueil\\\/\"},{\"@type\":\"ListItem\",\"position\":2,\"name\":\"P\u00e2te \u00e0 tarte sal\u00e9e\"}]},{\"@type\":\"WebSite\",\"@id\":\"https:\\\/\\\/nathalie-faggianelli.fr\\\/#website\",\"url\":\"https:\\\/\\\/nathalie-faggianelli.fr\\\/\",\"name\":\"Nathalie Faggianelli\",\"description\":\"Phyto-Aromatologue, naturopathe, form\u00e9e en micronutrition \u00e0 Lille - La Madeleine ou en ligne\",\"publisher\":{\"@id\":\"https:\\\/\\\/nathalie-faggianelli.fr\\\/#organization\"},\"potentialAction\":[{\"@type\":\"SearchAction\",\"target\":{\"@type\":\"EntryPoint\",\"urlTemplate\":\"https:\\\/\\\/nathalie-faggianelli.fr\\\/?s={search_term_string}\"},\"query-input\":{\"@type\":\"PropertyValueSpecification\",\"valueRequired\":true,\"valueName\":\"search_term_string\"}}],\"inLanguage\":\"fr-FR\"},{\"@type\":\"Organization\",\"@id\":\"https:\\\/\\\/nathalie-faggianelli.fr\\\/#organization\",\"name\":\"Nathalie Faggianelli\",\"url\":\"https:\\\/\\\/nathalie-faggianelli.fr\\\/\",\"logo\":{\"@type\":\"ImageObject\",\"inLanguage\":\"fr-FR\",\"@id\":\"https:\\\/\\\/nathalie-faggianelli.fr\\\/#\\\/schema\\\/logo\\\/image\\\/\",\"url\":\"https:\\\/\\\/nathalie-faggianelli.fr\\\/wp-content\\\/uploads\\\/2021\\\/07\\\/logo-pro1.png\",\"contentUrl\":\"https:\\\/\\\/nathalie-faggianelli.fr\\\/wp-content\\\/uploads\\\/2021\\\/07\\\/logo-pro1.png\",\"width\":1728,\"height\":1521,\"caption\":\"Nathalie Faggianelli\"},\"image\":{\"@id\":\"https:\\\/\\\/nathalie-faggianelli.fr\\\/#\\\/schema\\\/logo\\\/image\\\/\"}},{\"@type\":\"Person\",\"@id\":\"https:\\\/\\\/nathalie-faggianelli.fr\\\/#\\\/schema\\\/person\\\/5f135111edf74342a00a7187930f89ad\",\"name\":\"nathalie.faggianelli@gmail.com\",\"image\":{\"@type\":\"ImageObject\",\"inLanguage\":\"fr-FR\",\"@id\":\"https:\\\/\\\/secure.gravatar.com\\\/avatar\\\/4fcc83727d6ce5aebd46ba120922531f8f482f2d4fe289593e0c8c582085b593?s=96&d=mm&r=g\",\"url\":\"https:\\\/\\\/secure.gravatar.com\\\/avatar\\\/4fcc83727d6ce5aebd46ba120922531f8f482f2d4fe289593e0c8c582085b593?s=96&d=mm&r=g\",\"contentUrl\":\"https:\\\/\\\/secure.gravatar.com\\\/avatar\\\/4fcc83727d6ce5aebd46ba120922531f8f482f2d4fe289593e0c8c582085b593?s=96&d=mm&r=g\",\"caption\":\"nathalie.faggianelli@gmail.com\"},\"sameAs\":[\"http:\\\/\\\/nathalie-faggianelli.fr\"],\"url\":\"https:\\\/\\\/nathalie-faggianelli.fr\\\/index.php\\\/author\\\/nathalie-faggianelligmail-com\\\/\"}]}<\/script>\n<!-- \/ Yoast SEO plugin. -->","yoast_head_json":{"title":"P\u00e2te \u00e0 tarte sal\u00e9e - Nathalie Faggianelli","description":"Une recette de p\u00e2te \u00e0 tarte sal\u00e9e maison, facile \u00e0 r\u00e9aliser et saine. IG bas avec des farines non raffin\u00e9es et de l'huile d'olive.","robots":{"index":"index","follow":"follow","max-snippet":"max-snippet:-1","max-image-preview":"max-image-preview:large","max-video-preview":"max-video-preview:-1"},"canonical":"https:\/\/nathalie-faggianelli.fr\/index.php\/2022\/04\/10\/pate-a-tarte-salee\/","og_locale":"fr_FR","og_type":"article","og_title":"P\u00e2te \u00e0 tarte sal\u00e9e - Nathalie Faggianelli","og_description":"Une recette de p\u00e2te \u00e0 tarte sal\u00e9e maison, facile \u00e0 r\u00e9aliser et saine. IG bas avec des farines non raffin\u00e9es et de l'huile d'olive.","og_url":"https:\/\/nathalie-faggianelli.fr\/index.php\/2022\/04\/10\/pate-a-tarte-salee\/","og_site_name":"Nathalie Faggianelli","article_published_time":"2022-04-10T12:43:54+00:00","article_modified_time":"2022-04-10T12:43:57+00:00","og_image":[{"width":886,"height":886,"url":"https:\/\/nathalie-faggianelli.fr\/wp-content\/uploads\/2022\/04\/4F574B62-120E-4CF2-83EA-05A5A23D0C70_1_105_c.jpeg","type":"image\/jpeg"}],"author":"nathalie.faggianelli@gmail.com","twitter_card":"summary_large_image","twitter_misc":{"\u00c9crit par":"nathalie.faggianelli@gmail.com","Dur\u00e9e de lecture estim\u00e9e":"3 minutes"},"schema":{"@context":"https:\/\/schema.org","@graph":[{"@type":"Article","@id":"https:\/\/nathalie-faggianelli.fr\/index.php\/2022\/04\/10\/pate-a-tarte-salee\/#article","isPartOf":{"@id":"https:\/\/nathalie-faggianelli.fr\/index.php\/2022\/04\/10\/pate-a-tarte-salee\/"},"author":{"name":"nathalie.faggianelli@gmail.com","@id":"https:\/\/nathalie-faggianelli.fr\/#\/schema\/person\/5f135111edf74342a00a7187930f89ad"},"headline":"P\u00e2te \u00e0 tarte sal\u00e9e","datePublished":"2022-04-10T12:43:54+00:00","dateModified":"2022-04-10T12:43:57+00:00","mainEntityOfPage":{"@id":"https:\/\/nathalie-faggianelli.fr\/index.php\/2022\/04\/10\/pate-a-tarte-salee\/"},"wordCount":326,"commentCount":0,"publisher":{"@id":"https:\/\/nathalie-faggianelli.fr\/#organization"},"image":{"@id":"https:\/\/nathalie-faggianelli.fr\/index.php\/2022\/04\/10\/pate-a-tarte-salee\/#primaryimage"},"thumbnailUrl":"https:\/\/nathalie-faggianelli.fr\/wp-content\/uploads\/2022\/04\/4F574B62-120E-4CF2-83EA-05A5A23D0C70_1_105_c.jpeg","articleSection":["Recettes de cuisine"],"inLanguage":"fr-FR","potentialAction":[{"@type":"CommentAction","name":"Comment","target":["https:\/\/nathalie-faggianelli.fr\/index.php\/2022\/04\/10\/pate-a-tarte-salee\/#respond"]}]},{"@type":"WebPage","@id":"https:\/\/nathalie-faggianelli.fr\/index.php\/2022\/04\/10\/pate-a-tarte-salee\/","url":"https:\/\/nathalie-faggianelli.fr\/index.php\/2022\/04\/10\/pate-a-tarte-salee\/","name":"P\u00e2te \u00e0 tarte sal\u00e9e - Nathalie Faggianelli","isPartOf":{"@id":"https:\/\/nathalie-faggianelli.fr\/#website"},"primaryImageOfPage":{"@id":"https:\/\/nathalie-faggianelli.fr\/index.php\/2022\/04\/10\/pate-a-tarte-salee\/#primaryimage"},"image":{"@id":"https:\/\/nathalie-faggianelli.fr\/index.php\/2022\/04\/10\/pate-a-tarte-salee\/#primaryimage"},"thumbnailUrl":"https:\/\/nathalie-faggianelli.fr\/wp-content\/uploads\/2022\/04\/4F574B62-120E-4CF2-83EA-05A5A23D0C70_1_105_c.jpeg","datePublished":"2022-04-10T12:43:54+00:00","dateModified":"2022-04-10T12:43:57+00:00","description":"Une recette de p\u00e2te \u00e0 tarte sal\u00e9e maison, facile \u00e0 r\u00e9aliser et saine. IG bas avec des farines non raffin\u00e9es et de l'huile d'olive.","breadcrumb":{"@id":"https:\/\/nathalie-faggianelli.fr\/index.php\/2022\/04\/10\/pate-a-tarte-salee\/#breadcrumb"},"inLanguage":"fr-FR","potentialAction":[{"@type":"ReadAction","target":["https:\/\/nathalie-faggianelli.fr\/index.php\/2022\/04\/10\/pate-a-tarte-salee\/"]}]},{"@type":"ImageObject","inLanguage":"fr-FR","@id":"https:\/\/nathalie-faggianelli.fr\/index.php\/2022\/04\/10\/pate-a-tarte-salee\/#primaryimage","url":"https:\/\/nathalie-faggianelli.fr\/wp-content\/uploads\/2022\/04\/4F574B62-120E-4CF2-83EA-05A5A23D0C70_1_105_c.jpeg","contentUrl":"https:\/\/nathalie-faggianelli.fr\/wp-content\/uploads\/2022\/04\/4F574B62-120E-4CF2-83EA-05A5A23D0C70_1_105_c.jpeg","width":886,"height":886},{"@type":"BreadcrumbList","@id":"https:\/\/nathalie-faggianelli.fr\/index.php\/2022\/04\/10\/pate-a-tarte-salee\/#breadcrumb","itemListElement":[{"@type":"ListItem","position":1,"name":"Accueil","item":"https:\/\/nathalie-faggianelli.fr\/index.php\/page-daccueil\/"},{"@type":"ListItem","position":2,"name":"P\u00e2te \u00e0 tarte sal\u00e9e"}]},{"@type":"WebSite","@id":"https:\/\/nathalie-faggianelli.fr\/#website","url":"https:\/\/nathalie-faggianelli.fr\/","name":"Nathalie Faggianelli","description":"Phyto-Aromatologue, naturopathe, form\u00e9e en micronutrition \u00e0 Lille - La Madeleine ou en ligne","publisher":{"@id":"https:\/\/nathalie-faggianelli.fr\/#organization"},"potentialAction":[{"@type":"SearchAction","target":{"@type":"EntryPoint","urlTemplate":"https:\/\/nathalie-faggianelli.fr\/?s={search_term_string}"},"query-input":{"@type":"PropertyValueSpecification","valueRequired":true,"valueName":"search_term_string"}}],"inLanguage":"fr-FR"},{"@type":"Organization","@id":"https:\/\/nathalie-faggianelli.fr\/#organization","name":"Nathalie Faggianelli","url":"https:\/\/nathalie-faggianelli.fr\/","logo":{"@type":"ImageObject","inLanguage":"fr-FR","@id":"https:\/\/nathalie-faggianelli.fr\/#\/schema\/logo\/image\/","url":"https:\/\/nathalie-faggianelli.fr\/wp-content\/uploads\/2021\/07\/logo-pro1.png","contentUrl":"https:\/\/nathalie-faggianelli.fr\/wp-content\/uploads\/2021\/07\/logo-pro1.png","width":1728,"height":1521,"caption":"Nathalie Faggianelli"},"image":{"@id":"https:\/\/nathalie-faggianelli.fr\/#\/schema\/logo\/image\/"}},{"@type":"Person","@id":"https:\/\/nathalie-faggianelli.fr\/#\/schema\/person\/5f135111edf74342a00a7187930f89ad","name":"nathalie.faggianelli@gmail.com","image":{"@type":"ImageObject","inLanguage":"fr-FR","@id":"https:\/\/secure.gravatar.com\/avatar\/4fcc83727d6ce5aebd46ba120922531f8f482f2d4fe289593e0c8c582085b593?s=96&d=mm&r=g","url":"https:\/\/secure.gravatar.com\/avatar\/4fcc83727d6ce5aebd46ba120922531f8f482f2d4fe289593e0c8c582085b593?s=96&d=mm&r=g","contentUrl":"https:\/\/secure.gravatar.com\/avatar\/4fcc83727d6ce5aebd46ba120922531f8f482f2d4fe289593e0c8c582085b593?s=96&d=mm&r=g","caption":"nathalie.faggianelli@gmail.com"},"sameAs":["http:\/\/nathalie-faggianelli.fr"],"url":"https:\/\/nathalie-faggianelli.fr\/index.php\/author\/nathalie-faggianelligmail-com\/"}]}},"jetpack_featured_media_url":"https:\/\/nathalie-faggianelli.fr\/wp-content\/uploads\/2022\/04\/4F574B62-120E-4CF2-83EA-05A5A23D0C70_1_105_c.jpeg","jetpack_sharing_enabled":true,"_links":{"self":[{"href":"https:\/\/nathalie-faggianelli.fr\/index.php\/wp-json\/wp\/v2\/posts\/2084","targetHints":{"allow":["GET"]}}],"collection":[{"href":"https:\/\/nathalie-faggianelli.fr\/index.php\/wp-json\/wp\/v2\/posts"}],"about":[{"href":"https:\/\/nathalie-faggianelli.fr\/index.php\/wp-json\/wp\/v2\/types\/post"}],"author":[{"embeddable":true,"href":"https:\/\/nathalie-faggianelli.fr\/index.php\/wp-json\/wp\/v2\/users\/1"}],"replies":[{"embeddable":true,"href":"https:\/\/nathalie-faggianelli.fr\/index.php\/wp-json\/wp\/v2\/comments?post=2084"}],"version-history":[{"count":1,"href":"https:\/\/nathalie-faggianelli.fr\/index.php\/wp-json\/wp\/v2\/posts\/2084\/revisions"}],"predecessor-version":[{"id":2089,"href":"https:\/\/nathalie-faggianelli.fr\/index.php\/wp-json\/wp\/v2\/posts\/2084\/revisions\/2089"}],"wp:featuredmedia":[{"embeddable":true,"href":"https:\/\/nathalie-faggianelli.fr\/index.php\/wp-json\/wp\/v2\/media\/2085"}],"wp:attachment":[{"href":"https:\/\/nathalie-faggianelli.fr\/index.php\/wp-json\/wp\/v2\/media?parent=2084"}],"wp:term":[{"taxonomy":"category","embeddable":true,"href":"https:\/\/nathalie-faggianelli.fr\/index.php\/wp-json\/wp\/v2\/categories?post=2084"},{"taxonomy":"post_tag","embeddable":true,"href":"https:\/\/nathalie-faggianelli.fr\/index.php\/wp-json\/wp\/v2\/tags?post=2084"}],"curies":[{"name":"wp","href":"https:\/\/api.w.org\/{rel}","templated":true}]}}