{"id":2247,"date":"2022-05-06T10:27:18","date_gmt":"2022-05-06T10:27:18","guid":{"rendered":"https:\/\/nathalie-faggianelli.fr\/?p=2247"},"modified":"2022-05-06T10:27:22","modified_gmt":"2022-05-06T10:27:22","slug":"tartinade-de-fanes-de-carottes","status":"publish","type":"post","link":"https:\/\/nathalie-faggianelli.fr\/index.php\/2022\/05\/06\/tartinade-de-fanes-de-carottes\/","title":{"rendered":"Tartinade de fanes de carottes"},"content":{"rendered":"\n<div class=\"wp-block-columns is-layout-flex wp-container-core-columns-is-layout-9d6595d7 wp-block-columns-is-layout-flex\">\n<div class=\"wp-block-column is-layout-flow wp-block-column-is-layout-flow\">\n<figure class=\"wp-block-image size-large\"><img loading=\"lazy\" decoding=\"async\" width=\"1024\" height=\"1024\" src=\"https:\/\/nathalie-faggianelli.fr\/wp-content\/uploads\/2022\/05\/carotte-1024x1024.jpg\" alt=\"Tartinade de fanes de carotte :\" class=\"wp-image-2248\" srcset=\"https:\/\/nathalie-faggianelli.fr\/wp-content\/uploads\/2022\/05\/carotte-1024x1024.jpg 1024w, https:\/\/nathalie-faggianelli.fr\/wp-content\/uploads\/2022\/05\/carotte-100x100.jpg 100w, https:\/\/nathalie-faggianelli.fr\/wp-content\/uploads\/2022\/05\/carotte-600x600.jpg 600w, https:\/\/nathalie-faggianelli.fr\/wp-content\/uploads\/2022\/05\/carotte-300x300.jpg 300w, https:\/\/nathalie-faggianelli.fr\/wp-content\/uploads\/2022\/05\/carotte-150x150.jpg 150w, https:\/\/nathalie-faggianelli.fr\/wp-content\/uploads\/2022\/05\/carotte-768x768.jpg 768w, https:\/\/nathalie-faggianelli.fr\/wp-content\/uploads\/2022\/05\/carotte-1536x1536.jpg 1536w, https:\/\/nathalie-faggianelli.fr\/wp-content\/uploads\/2022\/05\/carotte-2048x2048.jpg 2048w\" sizes=\"auto, (max-width: 1024px) 100vw, 1024px\" \/><\/figure>\n<\/div>\n\n\n\n<div class=\"wp-block-column is-layout-flow wp-block-column-is-layout-flow\">\n<p><em>C\u2019est de nouveau la saison des carottes primeurs avec leur jolie botte de fanes. \u2063Comme pour les radis, il est possible de les consommer pour ne rien jeter<\/em>.<\/p>\n\n\n\n<p>\u2063<img loading=\"lazy\" decoding=\"async\" height=\"16\" width=\"16\" src=\"https:\/\/static.xx.fbcdn.net\/images\/emoji.php\/v9\/td0\/2\/16\/1f955.png\" alt=\"\ud83e\udd55\"> Il y a bien s\u00fbr le traditionnel pesto (jug\u00e9 un peu trop coriace par certains, voir une autre de mes recettes). Ou vous appr\u00e9cierez plut\u00f4t plus de douceur avec cette tartinade de fanes de carottes cr\u00e9meuse que je vous propose. <\/p>\n\n\n\n<p>\u2063<img loading=\"lazy\" decoding=\"async\" height=\"16\" width=\"16\" src=\"https:\/\/static.xx.fbcdn.net\/images\/emoji.php\/v9\/td0\/2\/16\/1f955.png\" alt=\"\ud83e\udd55\"> Un r\u00e9gal ! Laissez aller votre cr\u00e9ativit\u00e9 c\u00f4t\u00e9 \u00e9pices &#8211; pur\u00e9e d\u2019ol\u00e9agineux\u2026<\/p>\n<\/div>\n<\/div>\n\n\n\n<h2 class=\"wp-block-heading\">La recette de la tartinade<\/h2>\n\n\n\n<div class=\"wp-block-columns is-layout-flex wp-container-core-columns-is-layout-9d6595d7 wp-block-columns-is-layout-flex\">\n<div class=\"wp-block-column is-layout-flow wp-block-column-is-layout-flow\">\n<figure class=\"wp-block-image size-large\"><img loading=\"lazy\" decoding=\"async\" width=\"1024\" height=\"1024\" src=\"https:\/\/nathalie-faggianelli.fr\/wp-content\/uploads\/2022\/05\/carottefanes2-1024x1024.jpg\" alt=\"les ingr\u00e9dients de ma tartinade de fanes de carottes \" class=\"wp-image-2249\" srcset=\"https:\/\/nathalie-faggianelli.fr\/wp-content\/uploads\/2022\/05\/carottefanes2-1024x1024.jpg 1024w, https:\/\/nathalie-faggianelli.fr\/wp-content\/uploads\/2022\/05\/carottefanes2-100x100.jpg 100w, https:\/\/nathalie-faggianelli.fr\/wp-content\/uploads\/2022\/05\/carottefanes2-600x600.jpg 600w, https:\/\/nathalie-faggianelli.fr\/wp-content\/uploads\/2022\/05\/carottefanes2-300x300.jpg 300w, https:\/\/nathalie-faggianelli.fr\/wp-content\/uploads\/2022\/05\/carottefanes2-150x150.jpg 150w, https:\/\/nathalie-faggianelli.fr\/wp-content\/uploads\/2022\/05\/carottefanes2-768x768.jpg 768w, https:\/\/nathalie-faggianelli.fr\/wp-content\/uploads\/2022\/05\/carottefanes2.jpg 1080w\" sizes=\"auto, (max-width: 1024px) 100vw, 1024px\" \/><\/figure>\n<\/div>\n\n\n\n<div class=\"wp-block-column is-layout-flow wp-block-column-is-layout-flow\">\n<figure class=\"wp-block-image size-large\"><img loading=\"lazy\" decoding=\"async\" width=\"1024\" height=\"1024\" src=\"https:\/\/nathalie-faggianelli.fr\/wp-content\/uploads\/2022\/05\/carottefanes3-1024x1024.jpg\" alt=\"la recette de la tartinade de fanes de carotte z\u00e9ro-d\u00e9chet.\" class=\"wp-image-2250\" srcset=\"https:\/\/nathalie-faggianelli.fr\/wp-content\/uploads\/2022\/05\/carottefanes3-1024x1024.jpg 1024w, https:\/\/nathalie-faggianelli.fr\/wp-content\/uploads\/2022\/05\/carottefanes3-100x100.jpg 100w, https:\/\/nathalie-faggianelli.fr\/wp-content\/uploads\/2022\/05\/carottefanes3-600x600.jpg 600w, https:\/\/nathalie-faggianelli.fr\/wp-content\/uploads\/2022\/05\/carottefanes3-300x300.jpg 300w, https:\/\/nathalie-faggianelli.fr\/wp-content\/uploads\/2022\/05\/carottefanes3-150x150.jpg 150w, https:\/\/nathalie-faggianelli.fr\/wp-content\/uploads\/2022\/05\/carottefanes3-768x768.jpg 768w, https:\/\/nathalie-faggianelli.fr\/wp-content\/uploads\/2022\/05\/carottefanes3.jpg 1080w\" sizes=\"auto, (max-width: 1024px) 100vw, 1024px\" \/><\/figure>\n<\/div>\n<\/div>\n\n\n\n<p>Cette tartinade est facile \u00e0 pr\u00e9parer et se conserve 4-5 jours au r\u00e9frig\u00e9rateur. A d\u00e9guster avec des <a href=\"https:\/\/nathalie-faggianelli.fr\/index.php\/2021\/07\/21\/crackers-apero-maison\/\">crackers maison<\/a> par exemple, ou pour agr\u00e9menter une salade, du riz, des p\u00e2tes&#8230;<\/p>\n","protected":false},"excerpt":{"rendered":"<p>C\u2019est de nouveau la saison des carottes primeurs avec leur jolie botte de fanes. \u2063Comme pour les radis, il est possible de les consommer pour ne rien jeter. \u2063 Il y a bien s\u00fbr le traditionnel pesto (jug\u00e9 un peu&#8230;<\/p>\n<p><a class=\"more-link\" href=\"https:\/\/nathalie-faggianelli.fr\/index.php\/2022\/05\/06\/tartinade-de-fanes-de-carottes\/\">Read More<\/a><\/p>\n","protected":false},"author":1,"featured_media":2248,"comment_status":"open","ping_status":"open","sticky":false,"template":"","format":"standard","meta":{"_genesis_hide_title":false,"_genesis_hide_breadcrumbs":false,"_genesis_hide_singular_image":false,"_genesis_hide_footer_widgets":false,"_genesis_custom_body_class":"","_genesis_custom_post_class":"","_genesis_layout":"","_jetpack_memberships_contains_paid_content":false,"footnotes":""},"categories":[5],"tags":[],"class_list":{"0":"post-2247","1":"post","2":"type-post","3":"status-publish","4":"format-standard","5":"has-post-thumbnail","7":"category-recettes-de-cuisine","8":"entry"},"yoast_head":"<!-- This site is optimized with the Yoast SEO plugin v27.5 - https:\/\/yoast.com\/product\/yoast-seo-wordpress\/ -->\n<title>Tartinade de fanes de carottes - Nathalie Faggianelli<\/title>\n<meta name=\"description\" content=\"Comment utiliser les fanes de carottes plut\u00f4t que de les jeter ? d\u00e9couvrez ma recette de tartinade de fanes de carottes.\" \/>\n<meta name=\"robots\" content=\"index, follow, max-snippet:-1, max-image-preview:large, max-video-preview:-1\" \/>\n<link rel=\"canonical\" href=\"https:\/\/nathalie-faggianelli.fr\/index.php\/2022\/05\/06\/tartinade-de-fanes-de-carottes\/\" \/>\n<meta property=\"og:locale\" content=\"fr_FR\" \/>\n<meta property=\"og:type\" content=\"article\" \/>\n<meta property=\"og:title\" content=\"Tartinade de fanes de carottes - Nathalie Faggianelli\" \/>\n<meta property=\"og:description\" content=\"Comment utiliser les fanes de carottes plut\u00f4t que de les jeter ? d\u00e9couvrez ma recette de tartinade de fanes de carottes.\" \/>\n<meta property=\"og:url\" content=\"https:\/\/nathalie-faggianelli.fr\/index.php\/2022\/05\/06\/tartinade-de-fanes-de-carottes\/\" \/>\n<meta property=\"og:site_name\" content=\"Nathalie Faggianelli\" \/>\n<meta property=\"article:published_time\" content=\"2022-05-06T10:27:18+00:00\" \/>\n<meta property=\"article:modified_time\" content=\"2022-05-06T10:27:22+00:00\" \/>\n<meta property=\"og:image\" content=\"https:\/\/nathalie-faggianelli.fr\/wp-content\/uploads\/2022\/05\/carotte-scaled.jpg\" \/>\n\t<meta property=\"og:image:width\" content=\"2560\" \/>\n\t<meta property=\"og:image:height\" content=\"2560\" \/>\n\t<meta property=\"og:image:type\" content=\"image\/jpeg\" \/>\n<meta name=\"author\" content=\"nathalie.faggianelli@gmail.com\" \/>\n<meta name=\"twitter:card\" content=\"summary_large_image\" \/>\n<meta name=\"twitter:label1\" content=\"\u00c9crit par\" \/>\n\t<meta name=\"twitter:data1\" content=\"nathalie.faggianelli@gmail.com\" \/>\n\t<meta name=\"twitter:label2\" content=\"Dur\u00e9e de lecture estim\u00e9e\" \/>\n\t<meta name=\"twitter:data2\" content=\"2 minutes\" \/>\n<script type=\"application\/ld+json\" class=\"yoast-schema-graph\">{\"@context\":\"https:\\\/\\\/schema.org\",\"@graph\":[{\"@type\":\"Article\",\"@id\":\"https:\\\/\\\/nathalie-faggianelli.fr\\\/index.php\\\/2022\\\/05\\\/06\\\/tartinade-de-fanes-de-carottes\\\/#article\",\"isPartOf\":{\"@id\":\"https:\\\/\\\/nathalie-faggianelli.fr\\\/index.php\\\/2022\\\/05\\\/06\\\/tartinade-de-fanes-de-carottes\\\/\"},\"author\":{\"name\":\"nathalie.faggianelli@gmail.com\",\"@id\":\"https:\\\/\\\/nathalie-faggianelli.fr\\\/#\\\/schema\\\/person\\\/5f135111edf74342a00a7187930f89ad\"},\"headline\":\"Tartinade de fanes de carottes\",\"datePublished\":\"2022-05-06T10:27:18+00:00\",\"dateModified\":\"2022-05-06T10:27:22+00:00\",\"mainEntityOfPage\":{\"@id\":\"https:\\\/\\\/nathalie-faggianelli.fr\\\/index.php\\\/2022\\\/05\\\/06\\\/tartinade-de-fanes-de-carottes\\\/\"},\"wordCount\":135,\"commentCount\":0,\"publisher\":{\"@id\":\"https:\\\/\\\/nathalie-faggianelli.fr\\\/#organization\"},\"image\":{\"@id\":\"https:\\\/\\\/nathalie-faggianelli.fr\\\/index.php\\\/2022\\\/05\\\/06\\\/tartinade-de-fanes-de-carottes\\\/#primaryimage\"},\"thumbnailUrl\":\"https:\\\/\\\/nathalie-faggianelli.fr\\\/wp-content\\\/uploads\\\/2022\\\/05\\\/carotte-scaled.jpg\",\"articleSection\":[\"Recettes de cuisine\"],\"inLanguage\":\"fr-FR\",\"potentialAction\":[{\"@type\":\"CommentAction\",\"name\":\"Comment\",\"target\":[\"https:\\\/\\\/nathalie-faggianelli.fr\\\/index.php\\\/2022\\\/05\\\/06\\\/tartinade-de-fanes-de-carottes\\\/#respond\"]}]},{\"@type\":\"WebPage\",\"@id\":\"https:\\\/\\\/nathalie-faggianelli.fr\\\/index.php\\\/2022\\\/05\\\/06\\\/tartinade-de-fanes-de-carottes\\\/\",\"url\":\"https:\\\/\\\/nathalie-faggianelli.fr\\\/index.php\\\/2022\\\/05\\\/06\\\/tartinade-de-fanes-de-carottes\\\/\",\"name\":\"Tartinade de fanes de carottes - Nathalie Faggianelli\",\"isPartOf\":{\"@id\":\"https:\\\/\\\/nathalie-faggianelli.fr\\\/#website\"},\"primaryImageOfPage\":{\"@id\":\"https:\\\/\\\/nathalie-faggianelli.fr\\\/index.php\\\/2022\\\/05\\\/06\\\/tartinade-de-fanes-de-carottes\\\/#primaryimage\"},\"image\":{\"@id\":\"https:\\\/\\\/nathalie-faggianelli.fr\\\/index.php\\\/2022\\\/05\\\/06\\\/tartinade-de-fanes-de-carottes\\\/#primaryimage\"},\"thumbnailUrl\":\"https:\\\/\\\/nathalie-faggianelli.fr\\\/wp-content\\\/uploads\\\/2022\\\/05\\\/carotte-scaled.jpg\",\"datePublished\":\"2022-05-06T10:27:18+00:00\",\"dateModified\":\"2022-05-06T10:27:22+00:00\",\"description\":\"Comment utiliser les fanes de carottes plut\u00f4t que de les jeter ? d\u00e9couvrez ma recette de tartinade de fanes de carottes.\",\"breadcrumb\":{\"@id\":\"https:\\\/\\\/nathalie-faggianelli.fr\\\/index.php\\\/2022\\\/05\\\/06\\\/tartinade-de-fanes-de-carottes\\\/#breadcrumb\"},\"inLanguage\":\"fr-FR\",\"potentialAction\":[{\"@type\":\"ReadAction\",\"target\":[\"https:\\\/\\\/nathalie-faggianelli.fr\\\/index.php\\\/2022\\\/05\\\/06\\\/tartinade-de-fanes-de-carottes\\\/\"]}]},{\"@type\":\"ImageObject\",\"inLanguage\":\"fr-FR\",\"@id\":\"https:\\\/\\\/nathalie-faggianelli.fr\\\/index.php\\\/2022\\\/05\\\/06\\\/tartinade-de-fanes-de-carottes\\\/#primaryimage\",\"url\":\"https:\\\/\\\/nathalie-faggianelli.fr\\\/wp-content\\\/uploads\\\/2022\\\/05\\\/carotte-scaled.jpg\",\"contentUrl\":\"https:\\\/\\\/nathalie-faggianelli.fr\\\/wp-content\\\/uploads\\\/2022\\\/05\\\/carotte-scaled.jpg\",\"width\":2560,\"height\":2560},{\"@type\":\"BreadcrumbList\",\"@id\":\"https:\\\/\\\/nathalie-faggianelli.fr\\\/index.php\\\/2022\\\/05\\\/06\\\/tartinade-de-fanes-de-carottes\\\/#breadcrumb\",\"itemListElement\":[{\"@type\":\"ListItem\",\"position\":1,\"name\":\"Accueil\",\"item\":\"https:\\\/\\\/nathalie-faggianelli.fr\\\/index.php\\\/page-daccueil\\\/\"},{\"@type\":\"ListItem\",\"position\":2,\"name\":\"Tartinade de fanes de carottes\"}]},{\"@type\":\"WebSite\",\"@id\":\"https:\\\/\\\/nathalie-faggianelli.fr\\\/#website\",\"url\":\"https:\\\/\\\/nathalie-faggianelli.fr\\\/\",\"name\":\"Nathalie Faggianelli\",\"description\":\"Phyto-Aromatologue, naturopathe, form\u00e9e en micronutrition \u00e0 Lille - La Madeleine ou en ligne\",\"publisher\":{\"@id\":\"https:\\\/\\\/nathalie-faggianelli.fr\\\/#organization\"},\"potentialAction\":[{\"@type\":\"SearchAction\",\"target\":{\"@type\":\"EntryPoint\",\"urlTemplate\":\"https:\\\/\\\/nathalie-faggianelli.fr\\\/?s={search_term_string}\"},\"query-input\":{\"@type\":\"PropertyValueSpecification\",\"valueRequired\":true,\"valueName\":\"search_term_string\"}}],\"inLanguage\":\"fr-FR\"},{\"@type\":\"Organization\",\"@id\":\"https:\\\/\\\/nathalie-faggianelli.fr\\\/#organization\",\"name\":\"Nathalie Faggianelli\",\"url\":\"https:\\\/\\\/nathalie-faggianelli.fr\\\/\",\"logo\":{\"@type\":\"ImageObject\",\"inLanguage\":\"fr-FR\",\"@id\":\"https:\\\/\\\/nathalie-faggianelli.fr\\\/#\\\/schema\\\/logo\\\/image\\\/\",\"url\":\"https:\\\/\\\/nathalie-faggianelli.fr\\\/wp-content\\\/uploads\\\/2021\\\/07\\\/logo-pro1.png\",\"contentUrl\":\"https:\\\/\\\/nathalie-faggianelli.fr\\\/wp-content\\\/uploads\\\/2021\\\/07\\\/logo-pro1.png\",\"width\":1728,\"height\":1521,\"caption\":\"Nathalie Faggianelli\"},\"image\":{\"@id\":\"https:\\\/\\\/nathalie-faggianelli.fr\\\/#\\\/schema\\\/logo\\\/image\\\/\"}},{\"@type\":\"Person\",\"@id\":\"https:\\\/\\\/nathalie-faggianelli.fr\\\/#\\\/schema\\\/person\\\/5f135111edf74342a00a7187930f89ad\",\"name\":\"nathalie.faggianelli@gmail.com\",\"image\":{\"@type\":\"ImageObject\",\"inLanguage\":\"fr-FR\",\"@id\":\"https:\\\/\\\/secure.gravatar.com\\\/avatar\\\/4fcc83727d6ce5aebd46ba120922531f8f482f2d4fe289593e0c8c582085b593?s=96&d=mm&r=g\",\"url\":\"https:\\\/\\\/secure.gravatar.com\\\/avatar\\\/4fcc83727d6ce5aebd46ba120922531f8f482f2d4fe289593e0c8c582085b593?s=96&d=mm&r=g\",\"contentUrl\":\"https:\\\/\\\/secure.gravatar.com\\\/avatar\\\/4fcc83727d6ce5aebd46ba120922531f8f482f2d4fe289593e0c8c582085b593?s=96&d=mm&r=g\",\"caption\":\"nathalie.faggianelli@gmail.com\"},\"sameAs\":[\"http:\\\/\\\/nathalie-faggianelli.fr\"],\"url\":\"https:\\\/\\\/nathalie-faggianelli.fr\\\/index.php\\\/author\\\/nathalie-faggianelligmail-com\\\/\"}]}<\/script>\n<!-- \/ Yoast SEO plugin. -->","yoast_head_json":{"title":"Tartinade de fanes de carottes - Nathalie Faggianelli","description":"Comment utiliser les fanes de carottes plut\u00f4t que de les jeter ? d\u00e9couvrez ma recette de tartinade de fanes de carottes.","robots":{"index":"index","follow":"follow","max-snippet":"max-snippet:-1","max-image-preview":"max-image-preview:large","max-video-preview":"max-video-preview:-1"},"canonical":"https:\/\/nathalie-faggianelli.fr\/index.php\/2022\/05\/06\/tartinade-de-fanes-de-carottes\/","og_locale":"fr_FR","og_type":"article","og_title":"Tartinade de fanes de carottes - Nathalie Faggianelli","og_description":"Comment utiliser les fanes de carottes plut\u00f4t que de les jeter ? d\u00e9couvrez ma recette de tartinade de fanes de carottes.","og_url":"https:\/\/nathalie-faggianelli.fr\/index.php\/2022\/05\/06\/tartinade-de-fanes-de-carottes\/","og_site_name":"Nathalie Faggianelli","article_published_time":"2022-05-06T10:27:18+00:00","article_modified_time":"2022-05-06T10:27:22+00:00","og_image":[{"width":2560,"height":2560,"url":"https:\/\/nathalie-faggianelli.fr\/wp-content\/uploads\/2022\/05\/carotte-scaled.jpg","type":"image\/jpeg"}],"author":"nathalie.faggianelli@gmail.com","twitter_card":"summary_large_image","twitter_misc":{"\u00c9crit par":"nathalie.faggianelli@gmail.com","Dur\u00e9e de lecture estim\u00e9e":"2 minutes"},"schema":{"@context":"https:\/\/schema.org","@graph":[{"@type":"Article","@id":"https:\/\/nathalie-faggianelli.fr\/index.php\/2022\/05\/06\/tartinade-de-fanes-de-carottes\/#article","isPartOf":{"@id":"https:\/\/nathalie-faggianelli.fr\/index.php\/2022\/05\/06\/tartinade-de-fanes-de-carottes\/"},"author":{"name":"nathalie.faggianelli@gmail.com","@id":"https:\/\/nathalie-faggianelli.fr\/#\/schema\/person\/5f135111edf74342a00a7187930f89ad"},"headline":"Tartinade de fanes de carottes","datePublished":"2022-05-06T10:27:18+00:00","dateModified":"2022-05-06T10:27:22+00:00","mainEntityOfPage":{"@id":"https:\/\/nathalie-faggianelli.fr\/index.php\/2022\/05\/06\/tartinade-de-fanes-de-carottes\/"},"wordCount":135,"commentCount":0,"publisher":{"@id":"https:\/\/nathalie-faggianelli.fr\/#organization"},"image":{"@id":"https:\/\/nathalie-faggianelli.fr\/index.php\/2022\/05\/06\/tartinade-de-fanes-de-carottes\/#primaryimage"},"thumbnailUrl":"https:\/\/nathalie-faggianelli.fr\/wp-content\/uploads\/2022\/05\/carotte-scaled.jpg","articleSection":["Recettes de cuisine"],"inLanguage":"fr-FR","potentialAction":[{"@type":"CommentAction","name":"Comment","target":["https:\/\/nathalie-faggianelli.fr\/index.php\/2022\/05\/06\/tartinade-de-fanes-de-carottes\/#respond"]}]},{"@type":"WebPage","@id":"https:\/\/nathalie-faggianelli.fr\/index.php\/2022\/05\/06\/tartinade-de-fanes-de-carottes\/","url":"https:\/\/nathalie-faggianelli.fr\/index.php\/2022\/05\/06\/tartinade-de-fanes-de-carottes\/","name":"Tartinade de fanes de carottes - Nathalie Faggianelli","isPartOf":{"@id":"https:\/\/nathalie-faggianelli.fr\/#website"},"primaryImageOfPage":{"@id":"https:\/\/nathalie-faggianelli.fr\/index.php\/2022\/05\/06\/tartinade-de-fanes-de-carottes\/#primaryimage"},"image":{"@id":"https:\/\/nathalie-faggianelli.fr\/index.php\/2022\/05\/06\/tartinade-de-fanes-de-carottes\/#primaryimage"},"thumbnailUrl":"https:\/\/nathalie-faggianelli.fr\/wp-content\/uploads\/2022\/05\/carotte-scaled.jpg","datePublished":"2022-05-06T10:27:18+00:00","dateModified":"2022-05-06T10:27:22+00:00","description":"Comment utiliser les fanes de carottes plut\u00f4t que de les jeter ? d\u00e9couvrez ma recette de tartinade de fanes de carottes.","breadcrumb":{"@id":"https:\/\/nathalie-faggianelli.fr\/index.php\/2022\/05\/06\/tartinade-de-fanes-de-carottes\/#breadcrumb"},"inLanguage":"fr-FR","potentialAction":[{"@type":"ReadAction","target":["https:\/\/nathalie-faggianelli.fr\/index.php\/2022\/05\/06\/tartinade-de-fanes-de-carottes\/"]}]},{"@type":"ImageObject","inLanguage":"fr-FR","@id":"https:\/\/nathalie-faggianelli.fr\/index.php\/2022\/05\/06\/tartinade-de-fanes-de-carottes\/#primaryimage","url":"https:\/\/nathalie-faggianelli.fr\/wp-content\/uploads\/2022\/05\/carotte-scaled.jpg","contentUrl":"https:\/\/nathalie-faggianelli.fr\/wp-content\/uploads\/2022\/05\/carotte-scaled.jpg","width":2560,"height":2560},{"@type":"BreadcrumbList","@id":"https:\/\/nathalie-faggianelli.fr\/index.php\/2022\/05\/06\/tartinade-de-fanes-de-carottes\/#breadcrumb","itemListElement":[{"@type":"ListItem","position":1,"name":"Accueil","item":"https:\/\/nathalie-faggianelli.fr\/index.php\/page-daccueil\/"},{"@type":"ListItem","position":2,"name":"Tartinade de fanes de carottes"}]},{"@type":"WebSite","@id":"https:\/\/nathalie-faggianelli.fr\/#website","url":"https:\/\/nathalie-faggianelli.fr\/","name":"Nathalie Faggianelli","description":"Phyto-Aromatologue, naturopathe, form\u00e9e en micronutrition \u00e0 Lille - La Madeleine ou en ligne","publisher":{"@id":"https:\/\/nathalie-faggianelli.fr\/#organization"},"potentialAction":[{"@type":"SearchAction","target":{"@type":"EntryPoint","urlTemplate":"https:\/\/nathalie-faggianelli.fr\/?s={search_term_string}"},"query-input":{"@type":"PropertyValueSpecification","valueRequired":true,"valueName":"search_term_string"}}],"inLanguage":"fr-FR"},{"@type":"Organization","@id":"https:\/\/nathalie-faggianelli.fr\/#organization","name":"Nathalie Faggianelli","url":"https:\/\/nathalie-faggianelli.fr\/","logo":{"@type":"ImageObject","inLanguage":"fr-FR","@id":"https:\/\/nathalie-faggianelli.fr\/#\/schema\/logo\/image\/","url":"https:\/\/nathalie-faggianelli.fr\/wp-content\/uploads\/2021\/07\/logo-pro1.png","contentUrl":"https:\/\/nathalie-faggianelli.fr\/wp-content\/uploads\/2021\/07\/logo-pro1.png","width":1728,"height":1521,"caption":"Nathalie Faggianelli"},"image":{"@id":"https:\/\/nathalie-faggianelli.fr\/#\/schema\/logo\/image\/"}},{"@type":"Person","@id":"https:\/\/nathalie-faggianelli.fr\/#\/schema\/person\/5f135111edf74342a00a7187930f89ad","name":"nathalie.faggianelli@gmail.com","image":{"@type":"ImageObject","inLanguage":"fr-FR","@id":"https:\/\/secure.gravatar.com\/avatar\/4fcc83727d6ce5aebd46ba120922531f8f482f2d4fe289593e0c8c582085b593?s=96&d=mm&r=g","url":"https:\/\/secure.gravatar.com\/avatar\/4fcc83727d6ce5aebd46ba120922531f8f482f2d4fe289593e0c8c582085b593?s=96&d=mm&r=g","contentUrl":"https:\/\/secure.gravatar.com\/avatar\/4fcc83727d6ce5aebd46ba120922531f8f482f2d4fe289593e0c8c582085b593?s=96&d=mm&r=g","caption":"nathalie.faggianelli@gmail.com"},"sameAs":["http:\/\/nathalie-faggianelli.fr"],"url":"https:\/\/nathalie-faggianelli.fr\/index.php\/author\/nathalie-faggianelligmail-com\/"}]}},"jetpack_featured_media_url":"https:\/\/nathalie-faggianelli.fr\/wp-content\/uploads\/2022\/05\/carotte-scaled.jpg","jetpack_sharing_enabled":true,"_links":{"self":[{"href":"https:\/\/nathalie-faggianelli.fr\/index.php\/wp-json\/wp\/v2\/posts\/2247","targetHints":{"allow":["GET"]}}],"collection":[{"href":"https:\/\/nathalie-faggianelli.fr\/index.php\/wp-json\/wp\/v2\/posts"}],"about":[{"href":"https:\/\/nathalie-faggianelli.fr\/index.php\/wp-json\/wp\/v2\/types\/post"}],"author":[{"embeddable":true,"href":"https:\/\/nathalie-faggianelli.fr\/index.php\/wp-json\/wp\/v2\/users\/1"}],"replies":[{"embeddable":true,"href":"https:\/\/nathalie-faggianelli.fr\/index.php\/wp-json\/wp\/v2\/comments?post=2247"}],"version-history":[{"count":1,"href":"https:\/\/nathalie-faggianelli.fr\/index.php\/wp-json\/wp\/v2\/posts\/2247\/revisions"}],"predecessor-version":[{"id":2251,"href":"https:\/\/nathalie-faggianelli.fr\/index.php\/wp-json\/wp\/v2\/posts\/2247\/revisions\/2251"}],"wp:featuredmedia":[{"embeddable":true,"href":"https:\/\/nathalie-faggianelli.fr\/index.php\/wp-json\/wp\/v2\/media\/2248"}],"wp:attachment":[{"href":"https:\/\/nathalie-faggianelli.fr\/index.php\/wp-json\/wp\/v2\/media?parent=2247"}],"wp:term":[{"taxonomy":"category","embeddable":true,"href":"https:\/\/nathalie-faggianelli.fr\/index.php\/wp-json\/wp\/v2\/categories?post=2247"},{"taxonomy":"post_tag","embeddable":true,"href":"https:\/\/nathalie-faggianelli.fr\/index.php\/wp-json\/wp\/v2\/tags?post=2247"}],"curies":[{"name":"wp","href":"https:\/\/api.w.org\/{rel}","templated":true}]}}