{"id":2280,"date":"2022-05-30T19:33:03","date_gmt":"2022-05-30T19:33:03","guid":{"rendered":"https:\/\/nathalie-faggianelli.fr\/?p=2280"},"modified":"2022-05-30T19:34:30","modified_gmt":"2022-05-30T19:34:30","slug":"risotto-printanier","status":"publish","type":"post","link":"https:\/\/nathalie-faggianelli.fr\/index.php\/2022\/05\/30\/risotto-printanier\/","title":{"rendered":"Risotto printanier"},"content":{"rendered":"\n<div class=\"wp-block-columns is-layout-flex wp-container-core-columns-is-layout-9d6595d7 wp-block-columns-is-layout-flex\">\n<div class=\"wp-block-column is-layout-flow wp-block-column-is-layout-flow\">\n<figure class=\"wp-block-image size-large\"><img loading=\"lazy\" decoding=\"async\" width=\"1024\" height=\"1024\" src=\"https:\/\/nathalie-faggianelli.fr\/wp-content\/uploads\/2022\/05\/P1210528-1024x1024.jpg\" alt=\"Risotto printanier\" class=\"wp-image-2281\" srcset=\"https:\/\/nathalie-faggianelli.fr\/wp-content\/uploads\/2022\/05\/P1210528-1024x1024.jpg 1024w, https:\/\/nathalie-faggianelli.fr\/wp-content\/uploads\/2022\/05\/P1210528-100x100.jpg 100w, https:\/\/nathalie-faggianelli.fr\/wp-content\/uploads\/2022\/05\/P1210528-600x600.jpg 600w, https:\/\/nathalie-faggianelli.fr\/wp-content\/uploads\/2022\/05\/P1210528-300x300.jpg 300w, https:\/\/nathalie-faggianelli.fr\/wp-content\/uploads\/2022\/05\/P1210528-150x150.jpg 150w, https:\/\/nathalie-faggianelli.fr\/wp-content\/uploads\/2022\/05\/P1210528-768x768.jpg 768w, https:\/\/nathalie-faggianelli.fr\/wp-content\/uploads\/2022\/05\/P1210528-1536x1536.jpg 1536w, https:\/\/nathalie-faggianelli.fr\/wp-content\/uploads\/2022\/05\/P1210528-2048x2048.jpg 2048w\" sizes=\"auto, (max-width: 1024px) 100vw, 1024px\" \/><\/figure>\n<\/div>\n\n\n\n<div class=\"wp-block-column is-layout-flow wp-block-column-is-layout-flow\">\n<p><em>Une recette de risotto printanier aux f\u00e8ves, carottes et champignons. Id\u00e9e v\u00e9g\u00e9tarienne hyper gourmande.<\/em> <\/p>\n\n\n\n<p><em>Chaque ann\u00e9e quelle joie pour moi de retrouver les f\u00e8ves l\u00e9g\u00e8rement sucr\u00e9es toutes douces. Un peu long pour les pr\u00e9parer et avec plus de d\u00e9chets que de consommable mais tellement bon !!!<\/em> <em>Je les consomme aussi seules en ap\u00e9ro, ce v\u00e9ritables petits bonbons v\u00e9g\u00e9taux. Ou encore sur une tartine de fromage frais au petit d\u00e9jeuner, ou au sein d&rsquo;une belle po\u00eal\u00e9e de l\u00e9gumes de saison.<\/em><\/p>\n<\/div>\n<\/div>\n\n\n\n<h2 class=\"wp-block-heading\">Les ingr\u00e9dients du risotto aux f\u00e8ves<\/h2>\n\n\n\n<ul class=\"wp-block-list\"><li>120g de riz rond semi-complet (ou riz \u00e0 risotto, mais qui est souvent blanc donc attention si vous devez faire attention \u00e0 la charge glyc\u00e9mique de vos assiettes !)<\/li><li>2 carottes moyennes (si elles sont toutes jeunes et fraiches, bien les laver mais garder la peau)<\/li><li>60g de f\u00e8ves \u00e9coss\u00e9es <\/li><li>6-8 champignons de Paris moyens<\/li><li>Huile d\u2019olive de qualit\u00e9 (premi\u00e8re pression \u00e0 froid)<\/li><li>Vin blanc ou vinaigre de cidre<\/li><li>800mL de bouillon l\u00e9gumes ou poule (\u00e0 faire maison ou sans additifs)<\/li><\/ul>\n\n\n\n<p>NOTE : ce plat v\u00e9g\u00e9tarien permet un apport complet en prot\u00e9ines. Savez-vous que pour avoir un repas bien \u00e9quilibr\u00e9 en prot\u00e9ines dans les assiettes v\u00e9g\u00e9tariennes, il faut associer une c\u00e9r\u00e9ale et une l\u00e9gumineuse ? En effet, chacune est d\u00e9ficitaire en acides amin\u00e9s essentiels diff\u00e9rents (les \u00e9l\u00e9ments de constructions des prot\u00e9ines) par rapport aux prot\u00e9ines animales. Il est donc important d&rsquo;associer ces deux types d&rsquo;aliments. <\/p>\n\n\n\n<h2 class=\"wp-block-heading\">La recette du risotto<\/h2>\n\n\n\n<div class=\"wp-block-columns is-layout-flex wp-container-core-columns-is-layout-9d6595d7 wp-block-columns-is-layout-flex\">\n<div class=\"wp-block-column is-layout-flow wp-block-column-is-layout-flow\">\n<figure class=\"wp-block-image size-large\"><img loading=\"lazy\" decoding=\"async\" width=\"1024\" height=\"1024\" src=\"https:\/\/nathalie-faggianelli.fr\/wp-content\/uploads\/2022\/05\/risotto-2-1024x1024.jpg\" alt=\"la recette du risotto printanier aux f\u00e8ves\" class=\"wp-image-2282\" srcset=\"https:\/\/nathalie-faggianelli.fr\/wp-content\/uploads\/2022\/05\/risotto-2-1024x1024.jpg 1024w, https:\/\/nathalie-faggianelli.fr\/wp-content\/uploads\/2022\/05\/risotto-2-100x100.jpg 100w, https:\/\/nathalie-faggianelli.fr\/wp-content\/uploads\/2022\/05\/risotto-2-600x600.jpg 600w, https:\/\/nathalie-faggianelli.fr\/wp-content\/uploads\/2022\/05\/risotto-2-300x300.jpg 300w, https:\/\/nathalie-faggianelli.fr\/wp-content\/uploads\/2022\/05\/risotto-2-150x150.jpg 150w, https:\/\/nathalie-faggianelli.fr\/wp-content\/uploads\/2022\/05\/risotto-2-768x768.jpg 768w, https:\/\/nathalie-faggianelli.fr\/wp-content\/uploads\/2022\/05\/risotto-2.jpg 1080w\" sizes=\"auto, (max-width: 1024px) 100vw, 1024px\" \/><\/figure>\n<\/div>\n\n\n\n<div class=\"wp-block-column is-layout-flow wp-block-column-is-layout-flow\">\n<figure class=\"wp-block-image size-large\"><img loading=\"lazy\" decoding=\"async\" width=\"1024\" height=\"1024\" src=\"https:\/\/nathalie-faggianelli.fr\/wp-content\/uploads\/2022\/05\/risotto-feves-site-1024x1024.jpg\" alt=\"recettes du risotto aux f\u00e8ves (2)\" class=\"wp-image-2284\" srcset=\"https:\/\/nathalie-faggianelli.fr\/wp-content\/uploads\/2022\/05\/risotto-feves-site-1024x1024.jpg 1024w, https:\/\/nathalie-faggianelli.fr\/wp-content\/uploads\/2022\/05\/risotto-feves-site-100x100.jpg 100w, https:\/\/nathalie-faggianelli.fr\/wp-content\/uploads\/2022\/05\/risotto-feves-site-600x600.jpg 600w, https:\/\/nathalie-faggianelli.fr\/wp-content\/uploads\/2022\/05\/risotto-feves-site-300x300.jpg 300w, https:\/\/nathalie-faggianelli.fr\/wp-content\/uploads\/2022\/05\/risotto-feves-site-150x150.jpg 150w, https:\/\/nathalie-faggianelli.fr\/wp-content\/uploads\/2022\/05\/risotto-feves-site-768x768.jpg 768w, https:\/\/nathalie-faggianelli.fr\/wp-content\/uploads\/2022\/05\/risotto-feves-site.jpg 1080w\" sizes=\"auto, (max-width: 1024px) 100vw, 1024px\" \/><\/figure>\n<\/div>\n<\/div>\n\n\n\n<p><em>Retrouver d&rsquo;autres id\u00e9es originales et faciles \u00e0 cuisiner sur la partie<\/em> <em><a href=\"https:\/\/nathalie-faggianelli.fr\/index.php\/category\/recettes\/\">BLOG RECETTES<\/a><\/em>. <\/p>\n","protected":false},"excerpt":{"rendered":"<p>Une recette de risotto printanier aux f\u00e8ves, carottes et champignons. Id\u00e9e v\u00e9g\u00e9tarienne hyper gourmande. Chaque ann\u00e9e quelle joie pour moi de retrouver les f\u00e8ves l\u00e9g\u00e8rement sucr\u00e9es toutes douces. Un peu long pour les pr\u00e9parer et avec plus de d\u00e9chets que&#8230;<\/p>\n<p><a class=\"more-link\" href=\"https:\/\/nathalie-faggianelli.fr\/index.php\/2022\/05\/30\/risotto-printanier\/\">Read More<\/a><\/p>\n","protected":false},"author":1,"featured_media":2281,"comment_status":"open","ping_status":"open","sticky":false,"template":"","format":"standard","meta":{"_genesis_hide_title":false,"_genesis_hide_breadcrumbs":false,"_genesis_hide_singular_image":false,"_genesis_hide_footer_widgets":false,"_genesis_custom_body_class":"","_genesis_custom_post_class":"","_genesis_layout":"","_jetpack_memberships_contains_paid_content":false,"footnotes":""},"categories":[5],"tags":[],"class_list":{"0":"post-2280","1":"post","2":"type-post","3":"status-publish","4":"format-standard","5":"has-post-thumbnail","7":"category-recettes-de-cuisine","8":"entry"},"yoast_head":"<!-- This site is optimized with the Yoast SEO plugin v27.5 - https:\/\/yoast.com\/product\/yoast-seo-wordpress\/ -->\n<title>Risotto printanier - Nathalie Faggianelli<\/title>\n<meta name=\"description\" content=\"Risotto printanier aux f\u00e8ves, carottes et champignons. Une recette v\u00e9g\u00e9tarienne de saison bien \u00e9quilibr\u00e9e et gourmande.\" \/>\n<meta name=\"robots\" content=\"index, follow, max-snippet:-1, max-image-preview:large, max-video-preview:-1\" \/>\n<link rel=\"canonical\" href=\"https:\/\/nathalie-faggianelli.fr\/index.php\/2022\/05\/30\/risotto-printanier\/\" \/>\n<meta property=\"og:locale\" content=\"fr_FR\" \/>\n<meta property=\"og:type\" content=\"article\" \/>\n<meta property=\"og:title\" content=\"Risotto printanier - Nathalie Faggianelli\" \/>\n<meta property=\"og:description\" content=\"Risotto printanier aux f\u00e8ves, carottes et champignons. Une recette v\u00e9g\u00e9tarienne de saison bien \u00e9quilibr\u00e9e et gourmande.\" \/>\n<meta property=\"og:url\" content=\"https:\/\/nathalie-faggianelli.fr\/index.php\/2022\/05\/30\/risotto-printanier\/\" \/>\n<meta property=\"og:site_name\" content=\"Nathalie Faggianelli\" \/>\n<meta property=\"article:published_time\" content=\"2022-05-30T19:33:03+00:00\" \/>\n<meta property=\"article:modified_time\" content=\"2022-05-30T19:34:30+00:00\" \/>\n<meta property=\"og:image\" content=\"https:\/\/nathalie-faggianelli.fr\/wp-content\/uploads\/2022\/05\/P1210528-scaled.jpg\" \/>\n\t<meta property=\"og:image:width\" content=\"2560\" \/>\n\t<meta property=\"og:image:height\" content=\"2560\" \/>\n\t<meta property=\"og:image:type\" content=\"image\/jpeg\" \/>\n<meta name=\"author\" content=\"nathalie.faggianelli@gmail.com\" \/>\n<meta name=\"twitter:card\" content=\"summary_large_image\" \/>\n<meta name=\"twitter:label1\" content=\"\u00c9crit par\" \/>\n\t<meta name=\"twitter:data1\" content=\"nathalie.faggianelli@gmail.com\" \/>\n\t<meta name=\"twitter:label2\" content=\"Dur\u00e9e de lecture estim\u00e9e\" \/>\n\t<meta name=\"twitter:data2\" content=\"2 minutes\" \/>\n<script type=\"application\/ld+json\" class=\"yoast-schema-graph\">{\"@context\":\"https:\\\/\\\/schema.org\",\"@graph\":[{\"@type\":\"Article\",\"@id\":\"https:\\\/\\\/nathalie-faggianelli.fr\\\/index.php\\\/2022\\\/05\\\/30\\\/risotto-printanier\\\/#article\",\"isPartOf\":{\"@id\":\"https:\\\/\\\/nathalie-faggianelli.fr\\\/index.php\\\/2022\\\/05\\\/30\\\/risotto-printanier\\\/\"},\"author\":{\"name\":\"nathalie.faggianelli@gmail.com\",\"@id\":\"https:\\\/\\\/nathalie-faggianelli.fr\\\/#\\\/schema\\\/person\\\/5f135111edf74342a00a7187930f89ad\"},\"headline\":\"Risotto printanier\",\"datePublished\":\"2022-05-30T19:33:03+00:00\",\"dateModified\":\"2022-05-30T19:34:30+00:00\",\"mainEntityOfPage\":{\"@id\":\"https:\\\/\\\/nathalie-faggianelli.fr\\\/index.php\\\/2022\\\/05\\\/30\\\/risotto-printanier\\\/\"},\"wordCount\":282,\"commentCount\":0,\"publisher\":{\"@id\":\"https:\\\/\\\/nathalie-faggianelli.fr\\\/#organization\"},\"image\":{\"@id\":\"https:\\\/\\\/nathalie-faggianelli.fr\\\/index.php\\\/2022\\\/05\\\/30\\\/risotto-printanier\\\/#primaryimage\"},\"thumbnailUrl\":\"https:\\\/\\\/nathalie-faggianelli.fr\\\/wp-content\\\/uploads\\\/2022\\\/05\\\/P1210528-scaled.jpg\",\"articleSection\":[\"Recettes de cuisine\"],\"inLanguage\":\"fr-FR\",\"potentialAction\":[{\"@type\":\"CommentAction\",\"name\":\"Comment\",\"target\":[\"https:\\\/\\\/nathalie-faggianelli.fr\\\/index.php\\\/2022\\\/05\\\/30\\\/risotto-printanier\\\/#respond\"]}]},{\"@type\":\"WebPage\",\"@id\":\"https:\\\/\\\/nathalie-faggianelli.fr\\\/index.php\\\/2022\\\/05\\\/30\\\/risotto-printanier\\\/\",\"url\":\"https:\\\/\\\/nathalie-faggianelli.fr\\\/index.php\\\/2022\\\/05\\\/30\\\/risotto-printanier\\\/\",\"name\":\"Risotto printanier - Nathalie Faggianelli\",\"isPartOf\":{\"@id\":\"https:\\\/\\\/nathalie-faggianelli.fr\\\/#website\"},\"primaryImageOfPage\":{\"@id\":\"https:\\\/\\\/nathalie-faggianelli.fr\\\/index.php\\\/2022\\\/05\\\/30\\\/risotto-printanier\\\/#primaryimage\"},\"image\":{\"@id\":\"https:\\\/\\\/nathalie-faggianelli.fr\\\/index.php\\\/2022\\\/05\\\/30\\\/risotto-printanier\\\/#primaryimage\"},\"thumbnailUrl\":\"https:\\\/\\\/nathalie-faggianelli.fr\\\/wp-content\\\/uploads\\\/2022\\\/05\\\/P1210528-scaled.jpg\",\"datePublished\":\"2022-05-30T19:33:03+00:00\",\"dateModified\":\"2022-05-30T19:34:30+00:00\",\"description\":\"Risotto printanier aux f\u00e8ves, carottes et champignons. Une recette v\u00e9g\u00e9tarienne de saison bien \u00e9quilibr\u00e9e et gourmande.\",\"breadcrumb\":{\"@id\":\"https:\\\/\\\/nathalie-faggianelli.fr\\\/index.php\\\/2022\\\/05\\\/30\\\/risotto-printanier\\\/#breadcrumb\"},\"inLanguage\":\"fr-FR\",\"potentialAction\":[{\"@type\":\"ReadAction\",\"target\":[\"https:\\\/\\\/nathalie-faggianelli.fr\\\/index.php\\\/2022\\\/05\\\/30\\\/risotto-printanier\\\/\"]}]},{\"@type\":\"ImageObject\",\"inLanguage\":\"fr-FR\",\"@id\":\"https:\\\/\\\/nathalie-faggianelli.fr\\\/index.php\\\/2022\\\/05\\\/30\\\/risotto-printanier\\\/#primaryimage\",\"url\":\"https:\\\/\\\/nathalie-faggianelli.fr\\\/wp-content\\\/uploads\\\/2022\\\/05\\\/P1210528-scaled.jpg\",\"contentUrl\":\"https:\\\/\\\/nathalie-faggianelli.fr\\\/wp-content\\\/uploads\\\/2022\\\/05\\\/P1210528-scaled.jpg\",\"width\":2560,\"height\":2560},{\"@type\":\"BreadcrumbList\",\"@id\":\"https:\\\/\\\/nathalie-faggianelli.fr\\\/index.php\\\/2022\\\/05\\\/30\\\/risotto-printanier\\\/#breadcrumb\",\"itemListElement\":[{\"@type\":\"ListItem\",\"position\":1,\"name\":\"Accueil\",\"item\":\"https:\\\/\\\/nathalie-faggianelli.fr\\\/index.php\\\/page-daccueil\\\/\"},{\"@type\":\"ListItem\",\"position\":2,\"name\":\"Risotto printanier\"}]},{\"@type\":\"WebSite\",\"@id\":\"https:\\\/\\\/nathalie-faggianelli.fr\\\/#website\",\"url\":\"https:\\\/\\\/nathalie-faggianelli.fr\\\/\",\"name\":\"Nathalie Faggianelli\",\"description\":\"Phyto-Aromatologue, naturopathe, form\u00e9e en micronutrition \u00e0 Lille - La Madeleine ou en ligne\",\"publisher\":{\"@id\":\"https:\\\/\\\/nathalie-faggianelli.fr\\\/#organization\"},\"potentialAction\":[{\"@type\":\"SearchAction\",\"target\":{\"@type\":\"EntryPoint\",\"urlTemplate\":\"https:\\\/\\\/nathalie-faggianelli.fr\\\/?s={search_term_string}\"},\"query-input\":{\"@type\":\"PropertyValueSpecification\",\"valueRequired\":true,\"valueName\":\"search_term_string\"}}],\"inLanguage\":\"fr-FR\"},{\"@type\":\"Organization\",\"@id\":\"https:\\\/\\\/nathalie-faggianelli.fr\\\/#organization\",\"name\":\"Nathalie Faggianelli\",\"url\":\"https:\\\/\\\/nathalie-faggianelli.fr\\\/\",\"logo\":{\"@type\":\"ImageObject\",\"inLanguage\":\"fr-FR\",\"@id\":\"https:\\\/\\\/nathalie-faggianelli.fr\\\/#\\\/schema\\\/logo\\\/image\\\/\",\"url\":\"https:\\\/\\\/nathalie-faggianelli.fr\\\/wp-content\\\/uploads\\\/2021\\\/07\\\/logo-pro1.png\",\"contentUrl\":\"https:\\\/\\\/nathalie-faggianelli.fr\\\/wp-content\\\/uploads\\\/2021\\\/07\\\/logo-pro1.png\",\"width\":1728,\"height\":1521,\"caption\":\"Nathalie Faggianelli\"},\"image\":{\"@id\":\"https:\\\/\\\/nathalie-faggianelli.fr\\\/#\\\/schema\\\/logo\\\/image\\\/\"}},{\"@type\":\"Person\",\"@id\":\"https:\\\/\\\/nathalie-faggianelli.fr\\\/#\\\/schema\\\/person\\\/5f135111edf74342a00a7187930f89ad\",\"name\":\"nathalie.faggianelli@gmail.com\",\"image\":{\"@type\":\"ImageObject\",\"inLanguage\":\"fr-FR\",\"@id\":\"https:\\\/\\\/secure.gravatar.com\\\/avatar\\\/4fcc83727d6ce5aebd46ba120922531f8f482f2d4fe289593e0c8c582085b593?s=96&d=mm&r=g\",\"url\":\"https:\\\/\\\/secure.gravatar.com\\\/avatar\\\/4fcc83727d6ce5aebd46ba120922531f8f482f2d4fe289593e0c8c582085b593?s=96&d=mm&r=g\",\"contentUrl\":\"https:\\\/\\\/secure.gravatar.com\\\/avatar\\\/4fcc83727d6ce5aebd46ba120922531f8f482f2d4fe289593e0c8c582085b593?s=96&d=mm&r=g\",\"caption\":\"nathalie.faggianelli@gmail.com\"},\"sameAs\":[\"http:\\\/\\\/nathalie-faggianelli.fr\"],\"url\":\"https:\\\/\\\/nathalie-faggianelli.fr\\\/index.php\\\/author\\\/nathalie-faggianelligmail-com\\\/\"}]}<\/script>\n<!-- \/ Yoast SEO plugin. -->","yoast_head_json":{"title":"Risotto printanier - Nathalie Faggianelli","description":"Risotto printanier aux f\u00e8ves, carottes et champignons. Une recette v\u00e9g\u00e9tarienne de saison bien \u00e9quilibr\u00e9e et gourmande.","robots":{"index":"index","follow":"follow","max-snippet":"max-snippet:-1","max-image-preview":"max-image-preview:large","max-video-preview":"max-video-preview:-1"},"canonical":"https:\/\/nathalie-faggianelli.fr\/index.php\/2022\/05\/30\/risotto-printanier\/","og_locale":"fr_FR","og_type":"article","og_title":"Risotto printanier - Nathalie Faggianelli","og_description":"Risotto printanier aux f\u00e8ves, carottes et champignons. Une recette v\u00e9g\u00e9tarienne de saison bien \u00e9quilibr\u00e9e et gourmande.","og_url":"https:\/\/nathalie-faggianelli.fr\/index.php\/2022\/05\/30\/risotto-printanier\/","og_site_name":"Nathalie Faggianelli","article_published_time":"2022-05-30T19:33:03+00:00","article_modified_time":"2022-05-30T19:34:30+00:00","og_image":[{"width":2560,"height":2560,"url":"https:\/\/nathalie-faggianelli.fr\/wp-content\/uploads\/2022\/05\/P1210528-scaled.jpg","type":"image\/jpeg"}],"author":"nathalie.faggianelli@gmail.com","twitter_card":"summary_large_image","twitter_misc":{"\u00c9crit par":"nathalie.faggianelli@gmail.com","Dur\u00e9e de lecture estim\u00e9e":"2 minutes"},"schema":{"@context":"https:\/\/schema.org","@graph":[{"@type":"Article","@id":"https:\/\/nathalie-faggianelli.fr\/index.php\/2022\/05\/30\/risotto-printanier\/#article","isPartOf":{"@id":"https:\/\/nathalie-faggianelli.fr\/index.php\/2022\/05\/30\/risotto-printanier\/"},"author":{"name":"nathalie.faggianelli@gmail.com","@id":"https:\/\/nathalie-faggianelli.fr\/#\/schema\/person\/5f135111edf74342a00a7187930f89ad"},"headline":"Risotto printanier","datePublished":"2022-05-30T19:33:03+00:00","dateModified":"2022-05-30T19:34:30+00:00","mainEntityOfPage":{"@id":"https:\/\/nathalie-faggianelli.fr\/index.php\/2022\/05\/30\/risotto-printanier\/"},"wordCount":282,"commentCount":0,"publisher":{"@id":"https:\/\/nathalie-faggianelli.fr\/#organization"},"image":{"@id":"https:\/\/nathalie-faggianelli.fr\/index.php\/2022\/05\/30\/risotto-printanier\/#primaryimage"},"thumbnailUrl":"https:\/\/nathalie-faggianelli.fr\/wp-content\/uploads\/2022\/05\/P1210528-scaled.jpg","articleSection":["Recettes de cuisine"],"inLanguage":"fr-FR","potentialAction":[{"@type":"CommentAction","name":"Comment","target":["https:\/\/nathalie-faggianelli.fr\/index.php\/2022\/05\/30\/risotto-printanier\/#respond"]}]},{"@type":"WebPage","@id":"https:\/\/nathalie-faggianelli.fr\/index.php\/2022\/05\/30\/risotto-printanier\/","url":"https:\/\/nathalie-faggianelli.fr\/index.php\/2022\/05\/30\/risotto-printanier\/","name":"Risotto printanier - Nathalie Faggianelli","isPartOf":{"@id":"https:\/\/nathalie-faggianelli.fr\/#website"},"primaryImageOfPage":{"@id":"https:\/\/nathalie-faggianelli.fr\/index.php\/2022\/05\/30\/risotto-printanier\/#primaryimage"},"image":{"@id":"https:\/\/nathalie-faggianelli.fr\/index.php\/2022\/05\/30\/risotto-printanier\/#primaryimage"},"thumbnailUrl":"https:\/\/nathalie-faggianelli.fr\/wp-content\/uploads\/2022\/05\/P1210528-scaled.jpg","datePublished":"2022-05-30T19:33:03+00:00","dateModified":"2022-05-30T19:34:30+00:00","description":"Risotto printanier aux f\u00e8ves, carottes et champignons. Une recette v\u00e9g\u00e9tarienne de saison bien \u00e9quilibr\u00e9e et gourmande.","breadcrumb":{"@id":"https:\/\/nathalie-faggianelli.fr\/index.php\/2022\/05\/30\/risotto-printanier\/#breadcrumb"},"inLanguage":"fr-FR","potentialAction":[{"@type":"ReadAction","target":["https:\/\/nathalie-faggianelli.fr\/index.php\/2022\/05\/30\/risotto-printanier\/"]}]},{"@type":"ImageObject","inLanguage":"fr-FR","@id":"https:\/\/nathalie-faggianelli.fr\/index.php\/2022\/05\/30\/risotto-printanier\/#primaryimage","url":"https:\/\/nathalie-faggianelli.fr\/wp-content\/uploads\/2022\/05\/P1210528-scaled.jpg","contentUrl":"https:\/\/nathalie-faggianelli.fr\/wp-content\/uploads\/2022\/05\/P1210528-scaled.jpg","width":2560,"height":2560},{"@type":"BreadcrumbList","@id":"https:\/\/nathalie-faggianelli.fr\/index.php\/2022\/05\/30\/risotto-printanier\/#breadcrumb","itemListElement":[{"@type":"ListItem","position":1,"name":"Accueil","item":"https:\/\/nathalie-faggianelli.fr\/index.php\/page-daccueil\/"},{"@type":"ListItem","position":2,"name":"Risotto printanier"}]},{"@type":"WebSite","@id":"https:\/\/nathalie-faggianelli.fr\/#website","url":"https:\/\/nathalie-faggianelli.fr\/","name":"Nathalie Faggianelli","description":"Phyto-Aromatologue, naturopathe, form\u00e9e en micronutrition \u00e0 Lille - La Madeleine ou en ligne","publisher":{"@id":"https:\/\/nathalie-faggianelli.fr\/#organization"},"potentialAction":[{"@type":"SearchAction","target":{"@type":"EntryPoint","urlTemplate":"https:\/\/nathalie-faggianelli.fr\/?s={search_term_string}"},"query-input":{"@type":"PropertyValueSpecification","valueRequired":true,"valueName":"search_term_string"}}],"inLanguage":"fr-FR"},{"@type":"Organization","@id":"https:\/\/nathalie-faggianelli.fr\/#organization","name":"Nathalie Faggianelli","url":"https:\/\/nathalie-faggianelli.fr\/","logo":{"@type":"ImageObject","inLanguage":"fr-FR","@id":"https:\/\/nathalie-faggianelli.fr\/#\/schema\/logo\/image\/","url":"https:\/\/nathalie-faggianelli.fr\/wp-content\/uploads\/2021\/07\/logo-pro1.png","contentUrl":"https:\/\/nathalie-faggianelli.fr\/wp-content\/uploads\/2021\/07\/logo-pro1.png","width":1728,"height":1521,"caption":"Nathalie Faggianelli"},"image":{"@id":"https:\/\/nathalie-faggianelli.fr\/#\/schema\/logo\/image\/"}},{"@type":"Person","@id":"https:\/\/nathalie-faggianelli.fr\/#\/schema\/person\/5f135111edf74342a00a7187930f89ad","name":"nathalie.faggianelli@gmail.com","image":{"@type":"ImageObject","inLanguage":"fr-FR","@id":"https:\/\/secure.gravatar.com\/avatar\/4fcc83727d6ce5aebd46ba120922531f8f482f2d4fe289593e0c8c582085b593?s=96&d=mm&r=g","url":"https:\/\/secure.gravatar.com\/avatar\/4fcc83727d6ce5aebd46ba120922531f8f482f2d4fe289593e0c8c582085b593?s=96&d=mm&r=g","contentUrl":"https:\/\/secure.gravatar.com\/avatar\/4fcc83727d6ce5aebd46ba120922531f8f482f2d4fe289593e0c8c582085b593?s=96&d=mm&r=g","caption":"nathalie.faggianelli@gmail.com"},"sameAs":["http:\/\/nathalie-faggianelli.fr"],"url":"https:\/\/nathalie-faggianelli.fr\/index.php\/author\/nathalie-faggianelligmail-com\/"}]}},"jetpack_featured_media_url":"https:\/\/nathalie-faggianelli.fr\/wp-content\/uploads\/2022\/05\/P1210528-scaled.jpg","jetpack_sharing_enabled":true,"_links":{"self":[{"href":"https:\/\/nathalie-faggianelli.fr\/index.php\/wp-json\/wp\/v2\/posts\/2280","targetHints":{"allow":["GET"]}}],"collection":[{"href":"https:\/\/nathalie-faggianelli.fr\/index.php\/wp-json\/wp\/v2\/posts"}],"about":[{"href":"https:\/\/nathalie-faggianelli.fr\/index.php\/wp-json\/wp\/v2\/types\/post"}],"author":[{"embeddable":true,"href":"https:\/\/nathalie-faggianelli.fr\/index.php\/wp-json\/wp\/v2\/users\/1"}],"replies":[{"embeddable":true,"href":"https:\/\/nathalie-faggianelli.fr\/index.php\/wp-json\/wp\/v2\/comments?post=2280"}],"version-history":[{"count":2,"href":"https:\/\/nathalie-faggianelli.fr\/index.php\/wp-json\/wp\/v2\/posts\/2280\/revisions"}],"predecessor-version":[{"id":2287,"href":"https:\/\/nathalie-faggianelli.fr\/index.php\/wp-json\/wp\/v2\/posts\/2280\/revisions\/2287"}],"wp:featuredmedia":[{"embeddable":true,"href":"https:\/\/nathalie-faggianelli.fr\/index.php\/wp-json\/wp\/v2\/media\/2281"}],"wp:attachment":[{"href":"https:\/\/nathalie-faggianelli.fr\/index.php\/wp-json\/wp\/v2\/media?parent=2280"}],"wp:term":[{"taxonomy":"category","embeddable":true,"href":"https:\/\/nathalie-faggianelli.fr\/index.php\/wp-json\/wp\/v2\/categories?post=2280"},{"taxonomy":"post_tag","embeddable":true,"href":"https:\/\/nathalie-faggianelli.fr\/index.php\/wp-json\/wp\/v2\/tags?post=2280"}],"curies":[{"name":"wp","href":"https:\/\/api.w.org\/{rel}","templated":true}]}}