{"id":2605,"date":"2022-08-15T07:32:34","date_gmt":"2022-08-15T07:32:34","guid":{"rendered":"https:\/\/nathalie-faggianelli.fr\/?p=2605"},"modified":"2022-08-15T07:32:36","modified_gmt":"2022-08-15T07:32:36","slug":"flan-de-courgettes","status":"publish","type":"post","link":"https:\/\/nathalie-faggianelli.fr\/index.php\/2022\/08\/15\/flan-de-courgettes\/","title":{"rendered":"Flan de courgettes"},"content":{"rendered":"\n<div class=\"wp-block-columns is-layout-flex wp-container-core-columns-is-layout-9d6595d7 wp-block-columns-is-layout-flex\">\n<div class=\"wp-block-column is-layout-flow wp-block-column-is-layout-flow\">\n<figure class=\"wp-block-image size-large\"><img loading=\"lazy\" decoding=\"async\" width=\"1024\" height=\"1024\" src=\"https:\/\/nathalie-faggianelli.fr\/wp-content\/uploads\/2022\/08\/P1220402-1024x1024.jpg\" alt=\"flan de courgettes\" class=\"wp-image-2606\" srcset=\"https:\/\/nathalie-faggianelli.fr\/wp-content\/uploads\/2022\/08\/P1220402-1024x1024.jpg 1024w, https:\/\/nathalie-faggianelli.fr\/wp-content\/uploads\/2022\/08\/P1220402-100x100.jpg 100w, https:\/\/nathalie-faggianelli.fr\/wp-content\/uploads\/2022\/08\/P1220402-600x600.jpg 600w, https:\/\/nathalie-faggianelli.fr\/wp-content\/uploads\/2022\/08\/P1220402-300x300.jpg 300w, https:\/\/nathalie-faggianelli.fr\/wp-content\/uploads\/2022\/08\/P1220402-150x150.jpg 150w, https:\/\/nathalie-faggianelli.fr\/wp-content\/uploads\/2022\/08\/P1220402-768x768.jpg 768w, https:\/\/nathalie-faggianelli.fr\/wp-content\/uploads\/2022\/08\/P1220402-1536x1536.jpg 1536w, https:\/\/nathalie-faggianelli.fr\/wp-content\/uploads\/2022\/08\/P1220402-2048x2048.jpg 2048w\" sizes=\"auto, (max-width: 1024px) 100vw, 1024px\" \/><\/figure>\n<\/div>\n\n\n\n<div class=\"wp-block-column is-layout-flow wp-block-column-is-layout-flow\">\n<p><em>Vous avez d\u00e9j\u00e0 go\u00fbt\u00e9 le flan de courgettes accompagn\u00e9 de son coulis de tomates ? une recette estivale pleine de fra\u00eecheur. Id\u00e9alement \u00e0 pr\u00e9parer la veille pour le lendemain. Il est meilleur servi bien frais.<\/em> <\/p>\n<\/div>\n<\/div>\n\n\n\n<h2 class=\"wp-block-heading\">La recette du flan de courgettes<\/h2>\n\n\n\n<div class=\"wp-block-columns is-layout-flex wp-container-core-columns-is-layout-9d6595d7 wp-block-columns-is-layout-flex\">\n<div class=\"wp-block-column is-layout-flow wp-block-column-is-layout-flow\">\n<figure class=\"wp-block-image size-large\"><img loading=\"lazy\" decoding=\"async\" width=\"1024\" height=\"1024\" src=\"https:\/\/nathalie-faggianelli.fr\/wp-content\/uploads\/2022\/08\/flan_courgettes2-1024x1024.jpg\" alt=\"ingr\u00e9dients de mon flan de courgettes\" class=\"wp-image-2607\" srcset=\"https:\/\/nathalie-faggianelli.fr\/wp-content\/uploads\/2022\/08\/flan_courgettes2-1024x1024.jpg 1024w, https:\/\/nathalie-faggianelli.fr\/wp-content\/uploads\/2022\/08\/flan_courgettes2-100x100.jpg 100w, https:\/\/nathalie-faggianelli.fr\/wp-content\/uploads\/2022\/08\/flan_courgettes2-600x600.jpg 600w, https:\/\/nathalie-faggianelli.fr\/wp-content\/uploads\/2022\/08\/flan_courgettes2-300x300.jpg 300w, https:\/\/nathalie-faggianelli.fr\/wp-content\/uploads\/2022\/08\/flan_courgettes2-150x150.jpg 150w, https:\/\/nathalie-faggianelli.fr\/wp-content\/uploads\/2022\/08\/flan_courgettes2-768x768.jpg 768w, https:\/\/nathalie-faggianelli.fr\/wp-content\/uploads\/2022\/08\/flan_courgettes2.jpg 1080w\" sizes=\"auto, (max-width: 1024px) 100vw, 1024px\" \/><\/figure>\n<\/div>\n\n\n\n<div class=\"wp-block-column is-layout-flow wp-block-column-is-layout-flow\">\n<figure class=\"wp-block-image size-large\"><img loading=\"lazy\" decoding=\"async\" width=\"1024\" height=\"1024\" src=\"https:\/\/nathalie-faggianelli.fr\/wp-content\/uploads\/2022\/08\/flan_courgettes3-1024x1024.jpg\" alt=\"la recette du flan de courgettes\" class=\"wp-image-2608\" srcset=\"https:\/\/nathalie-faggianelli.fr\/wp-content\/uploads\/2022\/08\/flan_courgettes3-1024x1024.jpg 1024w, https:\/\/nathalie-faggianelli.fr\/wp-content\/uploads\/2022\/08\/flan_courgettes3-100x100.jpg 100w, https:\/\/nathalie-faggianelli.fr\/wp-content\/uploads\/2022\/08\/flan_courgettes3-600x600.jpg 600w, https:\/\/nathalie-faggianelli.fr\/wp-content\/uploads\/2022\/08\/flan_courgettes3-300x300.jpg 300w, https:\/\/nathalie-faggianelli.fr\/wp-content\/uploads\/2022\/08\/flan_courgettes3-150x150.jpg 150w, https:\/\/nathalie-faggianelli.fr\/wp-content\/uploads\/2022\/08\/flan_courgettes3-768x768.jpg 768w, https:\/\/nathalie-faggianelli.fr\/wp-content\/uploads\/2022\/08\/flan_courgettes3.jpg 1080w\" sizes=\"auto, (max-width: 1024px) 100vw, 1024px\" \/><figcaption>NB : ne les r\u00e2pez pas trop grossi\u00e8rement, la texture sera sinon moins agr\u00e9able.<\/figcaption><\/figure>\n<\/div>\n<\/div>\n\n\n\n<div class=\"wp-block-columns is-layout-flex wp-container-core-columns-is-layout-9d6595d7 wp-block-columns-is-layout-flex\">\n<div class=\"wp-block-column is-layout-flow wp-block-column-is-layout-flow\">\n<figure class=\"wp-block-image size-large\"><img loading=\"lazy\" decoding=\"async\" width=\"1024\" height=\"1024\" src=\"https:\/\/nathalie-faggianelli.fr\/wp-content\/uploads\/2022\/08\/flan_courgettes4-1024x1024.jpg\" alt=\"la sauce tomate accompagnant le flan\" class=\"wp-image-2609\" srcset=\"https:\/\/nathalie-faggianelli.fr\/wp-content\/uploads\/2022\/08\/flan_courgettes4-1024x1024.jpg 1024w, https:\/\/nathalie-faggianelli.fr\/wp-content\/uploads\/2022\/08\/flan_courgettes4-100x100.jpg 100w, https:\/\/nathalie-faggianelli.fr\/wp-content\/uploads\/2022\/08\/flan_courgettes4-600x600.jpg 600w, https:\/\/nathalie-faggianelli.fr\/wp-content\/uploads\/2022\/08\/flan_courgettes4-300x300.jpg 300w, https:\/\/nathalie-faggianelli.fr\/wp-content\/uploads\/2022\/08\/flan_courgettes4-150x150.jpg 150w, https:\/\/nathalie-faggianelli.fr\/wp-content\/uploads\/2022\/08\/flan_courgettes4-768x768.jpg 768w, https:\/\/nathalie-faggianelli.fr\/wp-content\/uploads\/2022\/08\/flan_courgettes4.jpg 1080w\" sizes=\"auto, (max-width: 1024px) 100vw, 1024px\" \/><\/figure>\n<\/div>\n\n\n\n<div class=\"wp-block-column is-layout-flow wp-block-column-is-layout-flow\"><\/div>\n<\/div>\n\n\n\n<h2 class=\"wp-block-heading\">Notes additionnelles sur la recette<\/h2>\n\n\n\n<p>A servir en petite entr\u00e9e ou bien en plat principal en ajoutant de belles tranches de pain complet au levain ou un peu de riz semi-complet. Il s&rsquo;agit d&rsquo;un repas complet puisqu&rsquo;apportant des oeufs comme prot\u00e9ines les plus compl\u00e8tes. Pour avoir un apport suffisant s&rsquo;il s&rsquo;agit de votre plat, vous pouvez bien s\u00fbr ajouter un petit morceau de poisson blanc ou une sardine\/maquereau pour leur bel apport \u00e9galement en om\u00e9ga 3.<\/p>\n\n\n\n<p>Ne faites pas l&rsquo;impasse sur les \u00e9pices ici, ils rel\u00e8vent \u00e0 merveille ce l\u00e9gume sinon un peu fade. Et on oublie pas <a href=\"https:\/\/nathalie-faggianelli.fr\/index.php\/2022\/03\/03\/epices-et-aromates\/\">l&rsquo;importance des aromates : herbes fraiches et \u00e9pices<\/a> dans notre alimentation.  Si vous aimez quelques feuilles de menthe fraiche dans le flan pourront aussi donner une saveur originale.<\/p>\n\n\n\n<p>Pour les personnes ayant une sensibilit\u00e9 digestive avec les tomates, n&rsquo;h\u00e9sitez pas \u00e0 en \u00f4ter la peau ! Ou \u00e0 accompagner ce flan d&rsquo;une petite \u00ab\u00a0b\u00e9chamel\u00a0\u00bb \u00e0 la farine d&rsquo;\u00e9peautre et boisson d&rsquo;amande ou d&rsquo;avoine, \u00e9chalotte cisel\u00e9e, citron et herbes fraiches.<\/p>\n\n\n<div class=\"wp-block-image\">\n<figure class=\"aligncenter size-large\"><img loading=\"lazy\" decoding=\"async\" width=\"1024\" height=\"1024\" src=\"https:\/\/nathalie-faggianelli.fr\/wp-content\/uploads\/2022\/08\/P1220394-1024x1024.jpg\" alt=\"recette estivale de flan de courgettes\" class=\"wp-image-2610\" srcset=\"https:\/\/nathalie-faggianelli.fr\/wp-content\/uploads\/2022\/08\/P1220394-1024x1024.jpg 1024w, https:\/\/nathalie-faggianelli.fr\/wp-content\/uploads\/2022\/08\/P1220394-100x100.jpg 100w, https:\/\/nathalie-faggianelli.fr\/wp-content\/uploads\/2022\/08\/P1220394-600x600.jpg 600w, https:\/\/nathalie-faggianelli.fr\/wp-content\/uploads\/2022\/08\/P1220394-300x300.jpg 300w, https:\/\/nathalie-faggianelli.fr\/wp-content\/uploads\/2022\/08\/P1220394-150x150.jpg 150w, https:\/\/nathalie-faggianelli.fr\/wp-content\/uploads\/2022\/08\/P1220394-768x768.jpg 768w, https:\/\/nathalie-faggianelli.fr\/wp-content\/uploads\/2022\/08\/P1220394-1536x1536.jpg 1536w, https:\/\/nathalie-faggianelli.fr\/wp-content\/uploads\/2022\/08\/P1220394-2048x2048.jpg 2048w\" sizes=\"auto, (max-width: 1024px) 100vw, 1024px\" \/><\/figure><\/div>\n\n\n<h6 class=\"wp-block-heading\">Autres recettes de saison avec la courgette :<\/h6>\n\n\n\n<ul class=\"wp-block-list\"><li><a href=\"https:\/\/nathalie-faggianelli.fr\/index.php\/2022\/07\/04\/tagliatelles-de-courgettes\/\">tagliatelles de courgettes<\/a><\/li><li>tian aux l\u00e9gumes<\/li><li>courgettes farcies v\u00e9g\u00e9tales ou avec une farce viande ou poisson<\/li><li>ratatouille <\/li><li>et une plus originale et sucr\u00e9e : <a href=\"https:\/\/nathalie-faggianelli.fr\/index.php\/2021\/07\/20\/gateau-au-chocolat-aux-courgettes\/\">le g\u00e2teau au chocolat aux courgettes<\/a><\/li><\/ul>\n","protected":false},"excerpt":{"rendered":"<p>Vous avez d\u00e9j\u00e0 go\u00fbt\u00e9 le flan de courgettes accompagn\u00e9 de son coulis de tomates ? une recette estivale pleine de fra\u00eecheur. Id\u00e9alement \u00e0 pr\u00e9parer la veille pour le lendemain. Il est meilleur servi bien frais. La recette du flan de&#8230;<\/p>\n<p><a class=\"more-link\" href=\"https:\/\/nathalie-faggianelli.fr\/index.php\/2022\/08\/15\/flan-de-courgettes\/\">Read More<\/a><\/p>\n","protected":false},"author":1,"featured_media":2606,"comment_status":"open","ping_status":"open","sticky":false,"template":"","format":"standard","meta":{"_genesis_hide_title":false,"_genesis_hide_breadcrumbs":false,"_genesis_hide_singular_image":false,"_genesis_hide_footer_widgets":false,"_genesis_custom_body_class":"","_genesis_custom_post_class":"","_genesis_layout":"","_jetpack_memberships_contains_paid_content":false,"footnotes":""},"categories":[5],"tags":[],"class_list":{"0":"post-2605","1":"post","2":"type-post","3":"status-publish","4":"format-standard","5":"has-post-thumbnail","7":"category-recettes-de-cuisine","8":"entry"},"yoast_head":"<!-- This site is optimized with the Yoast SEO plugin v27.4 - https:\/\/yoast.com\/product\/yoast-seo-wordpress\/ -->\n<title>Flan de courgettes - Nathalie Faggianelli<\/title>\n<meta name=\"description\" content=\"Ma recette de flan de courgette estivale. J&#039;aime la servir froide avec une sauce tomate maison et des aromates de saison.\" \/>\n<meta name=\"robots\" content=\"index, follow, max-snippet:-1, max-image-preview:large, max-video-preview:-1\" \/>\n<link rel=\"canonical\" href=\"https:\/\/nathalie-faggianelli.fr\/index.php\/2022\/08\/15\/flan-de-courgettes\/\" \/>\n<meta property=\"og:locale\" content=\"fr_FR\" \/>\n<meta property=\"og:type\" content=\"article\" \/>\n<meta property=\"og:title\" content=\"Flan de courgettes - Nathalie Faggianelli\" \/>\n<meta property=\"og:description\" content=\"Ma recette de flan de courgette estivale. J&#039;aime la servir froide avec une sauce tomate maison et des aromates de saison.\" \/>\n<meta property=\"og:url\" content=\"https:\/\/nathalie-faggianelli.fr\/index.php\/2022\/08\/15\/flan-de-courgettes\/\" \/>\n<meta property=\"og:site_name\" content=\"Nathalie Faggianelli\" \/>\n<meta property=\"article:published_time\" content=\"2022-08-15T07:32:34+00:00\" \/>\n<meta property=\"article:modified_time\" content=\"2022-08-15T07:32:36+00:00\" \/>\n<meta property=\"og:image\" content=\"https:\/\/nathalie-faggianelli.fr\/wp-content\/uploads\/2022\/08\/P1220402-scaled.jpg\" \/>\n\t<meta property=\"og:image:width\" content=\"2560\" \/>\n\t<meta property=\"og:image:height\" content=\"2560\" \/>\n\t<meta property=\"og:image:type\" content=\"image\/jpeg\" \/>\n<meta name=\"author\" content=\"nathalie.faggianelli@gmail.com\" \/>\n<meta name=\"twitter:card\" content=\"summary_large_image\" \/>\n<meta name=\"twitter:label1\" content=\"\u00c9crit par\" \/>\n\t<meta name=\"twitter:data1\" content=\"nathalie.faggianelli@gmail.com\" \/>\n\t<meta name=\"twitter:label2\" content=\"Dur\u00e9e de lecture estim\u00e9e\" \/>\n\t<meta name=\"twitter:data2\" content=\"3 minutes\" \/>\n<script type=\"application\/ld+json\" class=\"yoast-schema-graph\">{\"@context\":\"https:\\\/\\\/schema.org\",\"@graph\":[{\"@type\":\"Article\",\"@id\":\"https:\\\/\\\/nathalie-faggianelli.fr\\\/index.php\\\/2022\\\/08\\\/15\\\/flan-de-courgettes\\\/#article\",\"isPartOf\":{\"@id\":\"https:\\\/\\\/nathalie-faggianelli.fr\\\/index.php\\\/2022\\\/08\\\/15\\\/flan-de-courgettes\\\/\"},\"author\":{\"name\":\"nathalie.faggianelli@gmail.com\",\"@id\":\"https:\\\/\\\/nathalie-faggianelli.fr\\\/#\\\/schema\\\/person\\\/5f135111edf74342a00a7187930f89ad\"},\"headline\":\"Flan de courgettes\",\"datePublished\":\"2022-08-15T07:32:34+00:00\",\"dateModified\":\"2022-08-15T07:32:36+00:00\",\"mainEntityOfPage\":{\"@id\":\"https:\\\/\\\/nathalie-faggianelli.fr\\\/index.php\\\/2022\\\/08\\\/15\\\/flan-de-courgettes\\\/\"},\"wordCount\":276,\"commentCount\":0,\"publisher\":{\"@id\":\"https:\\\/\\\/nathalie-faggianelli.fr\\\/#organization\"},\"image\":{\"@id\":\"https:\\\/\\\/nathalie-faggianelli.fr\\\/index.php\\\/2022\\\/08\\\/15\\\/flan-de-courgettes\\\/#primaryimage\"},\"thumbnailUrl\":\"https:\\\/\\\/nathalie-faggianelli.fr\\\/wp-content\\\/uploads\\\/2022\\\/08\\\/P1220402-scaled.jpg\",\"articleSection\":[\"Recettes de cuisine\"],\"inLanguage\":\"fr-FR\",\"potentialAction\":[{\"@type\":\"CommentAction\",\"name\":\"Comment\",\"target\":[\"https:\\\/\\\/nathalie-faggianelli.fr\\\/index.php\\\/2022\\\/08\\\/15\\\/flan-de-courgettes\\\/#respond\"]}]},{\"@type\":\"WebPage\",\"@id\":\"https:\\\/\\\/nathalie-faggianelli.fr\\\/index.php\\\/2022\\\/08\\\/15\\\/flan-de-courgettes\\\/\",\"url\":\"https:\\\/\\\/nathalie-faggianelli.fr\\\/index.php\\\/2022\\\/08\\\/15\\\/flan-de-courgettes\\\/\",\"name\":\"Flan de courgettes - Nathalie Faggianelli\",\"isPartOf\":{\"@id\":\"https:\\\/\\\/nathalie-faggianelli.fr\\\/#website\"},\"primaryImageOfPage\":{\"@id\":\"https:\\\/\\\/nathalie-faggianelli.fr\\\/index.php\\\/2022\\\/08\\\/15\\\/flan-de-courgettes\\\/#primaryimage\"},\"image\":{\"@id\":\"https:\\\/\\\/nathalie-faggianelli.fr\\\/index.php\\\/2022\\\/08\\\/15\\\/flan-de-courgettes\\\/#primaryimage\"},\"thumbnailUrl\":\"https:\\\/\\\/nathalie-faggianelli.fr\\\/wp-content\\\/uploads\\\/2022\\\/08\\\/P1220402-scaled.jpg\",\"datePublished\":\"2022-08-15T07:32:34+00:00\",\"dateModified\":\"2022-08-15T07:32:36+00:00\",\"description\":\"Ma recette de flan de courgette estivale. J'aime la servir froide avec une sauce tomate maison et des aromates de saison.\",\"breadcrumb\":{\"@id\":\"https:\\\/\\\/nathalie-faggianelli.fr\\\/index.php\\\/2022\\\/08\\\/15\\\/flan-de-courgettes\\\/#breadcrumb\"},\"inLanguage\":\"fr-FR\",\"potentialAction\":[{\"@type\":\"ReadAction\",\"target\":[\"https:\\\/\\\/nathalie-faggianelli.fr\\\/index.php\\\/2022\\\/08\\\/15\\\/flan-de-courgettes\\\/\"]}]},{\"@type\":\"ImageObject\",\"inLanguage\":\"fr-FR\",\"@id\":\"https:\\\/\\\/nathalie-faggianelli.fr\\\/index.php\\\/2022\\\/08\\\/15\\\/flan-de-courgettes\\\/#primaryimage\",\"url\":\"https:\\\/\\\/nathalie-faggianelli.fr\\\/wp-content\\\/uploads\\\/2022\\\/08\\\/P1220402-scaled.jpg\",\"contentUrl\":\"https:\\\/\\\/nathalie-faggianelli.fr\\\/wp-content\\\/uploads\\\/2022\\\/08\\\/P1220402-scaled.jpg\",\"width\":2560,\"height\":2560},{\"@type\":\"BreadcrumbList\",\"@id\":\"https:\\\/\\\/nathalie-faggianelli.fr\\\/index.php\\\/2022\\\/08\\\/15\\\/flan-de-courgettes\\\/#breadcrumb\",\"itemListElement\":[{\"@type\":\"ListItem\",\"position\":1,\"name\":\"Accueil\",\"item\":\"https:\\\/\\\/nathalie-faggianelli.fr\\\/index.php\\\/page-daccueil\\\/\"},{\"@type\":\"ListItem\",\"position\":2,\"name\":\"Flan de courgettes\"}]},{\"@type\":\"WebSite\",\"@id\":\"https:\\\/\\\/nathalie-faggianelli.fr\\\/#website\",\"url\":\"https:\\\/\\\/nathalie-faggianelli.fr\\\/\",\"name\":\"Nathalie Faggianelli\",\"description\":\"Phyto-Aromatologue, naturopathe, form\u00e9e en micronutrition \u00e0 Lille - La Madeleine ou en ligne\",\"publisher\":{\"@id\":\"https:\\\/\\\/nathalie-faggianelli.fr\\\/#organization\"},\"potentialAction\":[{\"@type\":\"SearchAction\",\"target\":{\"@type\":\"EntryPoint\",\"urlTemplate\":\"https:\\\/\\\/nathalie-faggianelli.fr\\\/?s={search_term_string}\"},\"query-input\":{\"@type\":\"PropertyValueSpecification\",\"valueRequired\":true,\"valueName\":\"search_term_string\"}}],\"inLanguage\":\"fr-FR\"},{\"@type\":\"Organization\",\"@id\":\"https:\\\/\\\/nathalie-faggianelli.fr\\\/#organization\",\"name\":\"Nathalie Faggianelli\",\"url\":\"https:\\\/\\\/nathalie-faggianelli.fr\\\/\",\"logo\":{\"@type\":\"ImageObject\",\"inLanguage\":\"fr-FR\",\"@id\":\"https:\\\/\\\/nathalie-faggianelli.fr\\\/#\\\/schema\\\/logo\\\/image\\\/\",\"url\":\"https:\\\/\\\/nathalie-faggianelli.fr\\\/wp-content\\\/uploads\\\/2021\\\/07\\\/logo-pro1.png\",\"contentUrl\":\"https:\\\/\\\/nathalie-faggianelli.fr\\\/wp-content\\\/uploads\\\/2021\\\/07\\\/logo-pro1.png\",\"width\":1728,\"height\":1521,\"caption\":\"Nathalie Faggianelli\"},\"image\":{\"@id\":\"https:\\\/\\\/nathalie-faggianelli.fr\\\/#\\\/schema\\\/logo\\\/image\\\/\"}},{\"@type\":\"Person\",\"@id\":\"https:\\\/\\\/nathalie-faggianelli.fr\\\/#\\\/schema\\\/person\\\/5f135111edf74342a00a7187930f89ad\",\"name\":\"nathalie.faggianelli@gmail.com\",\"image\":{\"@type\":\"ImageObject\",\"inLanguage\":\"fr-FR\",\"@id\":\"https:\\\/\\\/secure.gravatar.com\\\/avatar\\\/4fcc83727d6ce5aebd46ba120922531f8f482f2d4fe289593e0c8c582085b593?s=96&d=mm&r=g\",\"url\":\"https:\\\/\\\/secure.gravatar.com\\\/avatar\\\/4fcc83727d6ce5aebd46ba120922531f8f482f2d4fe289593e0c8c582085b593?s=96&d=mm&r=g\",\"contentUrl\":\"https:\\\/\\\/secure.gravatar.com\\\/avatar\\\/4fcc83727d6ce5aebd46ba120922531f8f482f2d4fe289593e0c8c582085b593?s=96&d=mm&r=g\",\"caption\":\"nathalie.faggianelli@gmail.com\"},\"sameAs\":[\"http:\\\/\\\/nathalie-faggianelli.fr\"],\"url\":\"https:\\\/\\\/nathalie-faggianelli.fr\\\/index.php\\\/author\\\/nathalie-faggianelligmail-com\\\/\"}]}<\/script>\n<!-- \/ Yoast SEO plugin. -->","yoast_head_json":{"title":"Flan de courgettes - Nathalie Faggianelli","description":"Ma recette de flan de courgette estivale. J'aime la servir froide avec une sauce tomate maison et des aromates de saison.","robots":{"index":"index","follow":"follow","max-snippet":"max-snippet:-1","max-image-preview":"max-image-preview:large","max-video-preview":"max-video-preview:-1"},"canonical":"https:\/\/nathalie-faggianelli.fr\/index.php\/2022\/08\/15\/flan-de-courgettes\/","og_locale":"fr_FR","og_type":"article","og_title":"Flan de courgettes - Nathalie Faggianelli","og_description":"Ma recette de flan de courgette estivale. J'aime la servir froide avec une sauce tomate maison et des aromates de saison.","og_url":"https:\/\/nathalie-faggianelli.fr\/index.php\/2022\/08\/15\/flan-de-courgettes\/","og_site_name":"Nathalie Faggianelli","article_published_time":"2022-08-15T07:32:34+00:00","article_modified_time":"2022-08-15T07:32:36+00:00","og_image":[{"width":2560,"height":2560,"url":"https:\/\/nathalie-faggianelli.fr\/wp-content\/uploads\/2022\/08\/P1220402-scaled.jpg","type":"image\/jpeg"}],"author":"nathalie.faggianelli@gmail.com","twitter_card":"summary_large_image","twitter_misc":{"\u00c9crit par":"nathalie.faggianelli@gmail.com","Dur\u00e9e de lecture estim\u00e9e":"3 minutes"},"schema":{"@context":"https:\/\/schema.org","@graph":[{"@type":"Article","@id":"https:\/\/nathalie-faggianelli.fr\/index.php\/2022\/08\/15\/flan-de-courgettes\/#article","isPartOf":{"@id":"https:\/\/nathalie-faggianelli.fr\/index.php\/2022\/08\/15\/flan-de-courgettes\/"},"author":{"name":"nathalie.faggianelli@gmail.com","@id":"https:\/\/nathalie-faggianelli.fr\/#\/schema\/person\/5f135111edf74342a00a7187930f89ad"},"headline":"Flan de courgettes","datePublished":"2022-08-15T07:32:34+00:00","dateModified":"2022-08-15T07:32:36+00:00","mainEntityOfPage":{"@id":"https:\/\/nathalie-faggianelli.fr\/index.php\/2022\/08\/15\/flan-de-courgettes\/"},"wordCount":276,"commentCount":0,"publisher":{"@id":"https:\/\/nathalie-faggianelli.fr\/#organization"},"image":{"@id":"https:\/\/nathalie-faggianelli.fr\/index.php\/2022\/08\/15\/flan-de-courgettes\/#primaryimage"},"thumbnailUrl":"https:\/\/nathalie-faggianelli.fr\/wp-content\/uploads\/2022\/08\/P1220402-scaled.jpg","articleSection":["Recettes de cuisine"],"inLanguage":"fr-FR","potentialAction":[{"@type":"CommentAction","name":"Comment","target":["https:\/\/nathalie-faggianelli.fr\/index.php\/2022\/08\/15\/flan-de-courgettes\/#respond"]}]},{"@type":"WebPage","@id":"https:\/\/nathalie-faggianelli.fr\/index.php\/2022\/08\/15\/flan-de-courgettes\/","url":"https:\/\/nathalie-faggianelli.fr\/index.php\/2022\/08\/15\/flan-de-courgettes\/","name":"Flan de courgettes - Nathalie Faggianelli","isPartOf":{"@id":"https:\/\/nathalie-faggianelli.fr\/#website"},"primaryImageOfPage":{"@id":"https:\/\/nathalie-faggianelli.fr\/index.php\/2022\/08\/15\/flan-de-courgettes\/#primaryimage"},"image":{"@id":"https:\/\/nathalie-faggianelli.fr\/index.php\/2022\/08\/15\/flan-de-courgettes\/#primaryimage"},"thumbnailUrl":"https:\/\/nathalie-faggianelli.fr\/wp-content\/uploads\/2022\/08\/P1220402-scaled.jpg","datePublished":"2022-08-15T07:32:34+00:00","dateModified":"2022-08-15T07:32:36+00:00","description":"Ma recette de flan de courgette estivale. J'aime la servir froide avec une sauce tomate maison et des aromates de saison.","breadcrumb":{"@id":"https:\/\/nathalie-faggianelli.fr\/index.php\/2022\/08\/15\/flan-de-courgettes\/#breadcrumb"},"inLanguage":"fr-FR","potentialAction":[{"@type":"ReadAction","target":["https:\/\/nathalie-faggianelli.fr\/index.php\/2022\/08\/15\/flan-de-courgettes\/"]}]},{"@type":"ImageObject","inLanguage":"fr-FR","@id":"https:\/\/nathalie-faggianelli.fr\/index.php\/2022\/08\/15\/flan-de-courgettes\/#primaryimage","url":"https:\/\/nathalie-faggianelli.fr\/wp-content\/uploads\/2022\/08\/P1220402-scaled.jpg","contentUrl":"https:\/\/nathalie-faggianelli.fr\/wp-content\/uploads\/2022\/08\/P1220402-scaled.jpg","width":2560,"height":2560},{"@type":"BreadcrumbList","@id":"https:\/\/nathalie-faggianelli.fr\/index.php\/2022\/08\/15\/flan-de-courgettes\/#breadcrumb","itemListElement":[{"@type":"ListItem","position":1,"name":"Accueil","item":"https:\/\/nathalie-faggianelli.fr\/index.php\/page-daccueil\/"},{"@type":"ListItem","position":2,"name":"Flan de courgettes"}]},{"@type":"WebSite","@id":"https:\/\/nathalie-faggianelli.fr\/#website","url":"https:\/\/nathalie-faggianelli.fr\/","name":"Nathalie Faggianelli","description":"Phyto-Aromatologue, naturopathe, form\u00e9e en micronutrition \u00e0 Lille - La Madeleine ou en ligne","publisher":{"@id":"https:\/\/nathalie-faggianelli.fr\/#organization"},"potentialAction":[{"@type":"SearchAction","target":{"@type":"EntryPoint","urlTemplate":"https:\/\/nathalie-faggianelli.fr\/?s={search_term_string}"},"query-input":{"@type":"PropertyValueSpecification","valueRequired":true,"valueName":"search_term_string"}}],"inLanguage":"fr-FR"},{"@type":"Organization","@id":"https:\/\/nathalie-faggianelli.fr\/#organization","name":"Nathalie Faggianelli","url":"https:\/\/nathalie-faggianelli.fr\/","logo":{"@type":"ImageObject","inLanguage":"fr-FR","@id":"https:\/\/nathalie-faggianelli.fr\/#\/schema\/logo\/image\/","url":"https:\/\/nathalie-faggianelli.fr\/wp-content\/uploads\/2021\/07\/logo-pro1.png","contentUrl":"https:\/\/nathalie-faggianelli.fr\/wp-content\/uploads\/2021\/07\/logo-pro1.png","width":1728,"height":1521,"caption":"Nathalie Faggianelli"},"image":{"@id":"https:\/\/nathalie-faggianelli.fr\/#\/schema\/logo\/image\/"}},{"@type":"Person","@id":"https:\/\/nathalie-faggianelli.fr\/#\/schema\/person\/5f135111edf74342a00a7187930f89ad","name":"nathalie.faggianelli@gmail.com","image":{"@type":"ImageObject","inLanguage":"fr-FR","@id":"https:\/\/secure.gravatar.com\/avatar\/4fcc83727d6ce5aebd46ba120922531f8f482f2d4fe289593e0c8c582085b593?s=96&d=mm&r=g","url":"https:\/\/secure.gravatar.com\/avatar\/4fcc83727d6ce5aebd46ba120922531f8f482f2d4fe289593e0c8c582085b593?s=96&d=mm&r=g","contentUrl":"https:\/\/secure.gravatar.com\/avatar\/4fcc83727d6ce5aebd46ba120922531f8f482f2d4fe289593e0c8c582085b593?s=96&d=mm&r=g","caption":"nathalie.faggianelli@gmail.com"},"sameAs":["http:\/\/nathalie-faggianelli.fr"],"url":"https:\/\/nathalie-faggianelli.fr\/index.php\/author\/nathalie-faggianelligmail-com\/"}]}},"jetpack_featured_media_url":"https:\/\/nathalie-faggianelli.fr\/wp-content\/uploads\/2022\/08\/P1220402-scaled.jpg","jetpack_sharing_enabled":true,"_links":{"self":[{"href":"https:\/\/nathalie-faggianelli.fr\/index.php\/wp-json\/wp\/v2\/posts\/2605","targetHints":{"allow":["GET"]}}],"collection":[{"href":"https:\/\/nathalie-faggianelli.fr\/index.php\/wp-json\/wp\/v2\/posts"}],"about":[{"href":"https:\/\/nathalie-faggianelli.fr\/index.php\/wp-json\/wp\/v2\/types\/post"}],"author":[{"embeddable":true,"href":"https:\/\/nathalie-faggianelli.fr\/index.php\/wp-json\/wp\/v2\/users\/1"}],"replies":[{"embeddable":true,"href":"https:\/\/nathalie-faggianelli.fr\/index.php\/wp-json\/wp\/v2\/comments?post=2605"}],"version-history":[{"count":1,"href":"https:\/\/nathalie-faggianelli.fr\/index.php\/wp-json\/wp\/v2\/posts\/2605\/revisions"}],"predecessor-version":[{"id":2611,"href":"https:\/\/nathalie-faggianelli.fr\/index.php\/wp-json\/wp\/v2\/posts\/2605\/revisions\/2611"}],"wp:featuredmedia":[{"embeddable":true,"href":"https:\/\/nathalie-faggianelli.fr\/index.php\/wp-json\/wp\/v2\/media\/2606"}],"wp:attachment":[{"href":"https:\/\/nathalie-faggianelli.fr\/index.php\/wp-json\/wp\/v2\/media?parent=2605"}],"wp:term":[{"taxonomy":"category","embeddable":true,"href":"https:\/\/nathalie-faggianelli.fr\/index.php\/wp-json\/wp\/v2\/categories?post=2605"},{"taxonomy":"post_tag","embeddable":true,"href":"https:\/\/nathalie-faggianelli.fr\/index.php\/wp-json\/wp\/v2\/tags?post=2605"}],"curies":[{"name":"wp","href":"https:\/\/api.w.org\/{rel}","templated":true}]}}