{"id":918,"date":"2021-09-24T09:14:19","date_gmt":"2021-09-24T09:14:19","guid":{"rendered":"https:\/\/nathalie-faggianelli.fr\/?p=918"},"modified":"2022-02-17T10:24:12","modified_gmt":"2022-02-17T10:24:12","slug":"la-chute-de-cheveux-automnale","status":"publish","type":"post","link":"https:\/\/nathalie-faggianelli.fr\/index.php\/2021\/09\/24\/la-chute-de-cheveux-automnale\/","title":{"rendered":"La chute de cheveux automnale"},"content":{"rendered":"\n<div class=\"wp-block-columns is-layout-flex wp-container-core-columns-is-layout-9d6595d7 wp-block-columns-is-layout-flex\">\n<div class=\"wp-block-column is-layout-flow wp-block-column-is-layout-flow\">\n<figure class=\"wp-block-image size-full\"><img decoding=\"async\" src=\"https:\/\/nathalie-faggianelli.fr\/wp-content\/uploads\/2021\/09\/TFO_7206.jpg\" alt=\"\" class=\"wp-image-920\"\/><\/figure>\n<\/div>\n\n\n\n<div class=\"wp-block-column is-layout-flow wp-block-column-is-layout-flow\">\n<p class=\"has-text-align-center\"><em>La chute de cheveux automnale : quelles sont les causes? est-ce normal? comment peut-on prendre soin de nos cheveux?<\/em><\/p>\n\n\n\n<p class=\"has-text-align-center\"><em>Comme les arbres qui perdent leurs belles feuilles vertes de l\u2019\u00e9t\u00e9, nous perdons aussi plus de cheveux \u00e0 l\u2019automne. Physiologique et pour beaucoup de personnes inaper\u00e7ue, cette chute de cheveux saisonni\u00e8re est souvent plus remarqu\u00e9e par les femmes et peut \u00eatre source d\u2019angoisses<\/em>. <\/p>\n\n\n\n<p><\/p>\n<\/div>\n<\/div>\n\n\n\n<p>.<\/p>\n\n\n\n<h2 class=\"wp-block-heading\">Quelles sont les causes de la chute de cheveux automnale?<\/h2>\n\n\n\n<p>Les changements de climat et donc de l&rsquo;hygrom\u00e9trie, de l&rsquo;ensoleillement, de la temp\u00e9rature ext\u00e9rieure&#8230; influencent le rythme et la vitesse du cycle de renouvellement des cheveux. <\/p>\n\n\n\n<p>Au printemps et en \u00e9t\u00e9, les <span class=\"has-inline-color has-dark-green-color\">rayons solaires augmentent la s\u00e9cr\u00e9tion des hormones<\/span>. Celles-ci r\u00e9gulent la croissance de nos cheveux.  Une r\u00e9action comparable \u00e0 celle des plantes se produit. On peut observer une acc\u00e9l\u00e9ration de la pousse durant les mois chauds et une chute plus abondante \u00e0 la rentr\u00e9e, pour les cheveux parvenus en fin de cycle de vie. <span class=\"has-inline-color has-dark-green-color\">Une plus grande partie d\u2019entre eux arrive donc en effet dans la derni\u00e8re phase de leur cycle de vie*. Ils sont donc susceptibles de tomber plus abondamment \u00e0 l\u2019automne<\/span>. <\/p>\n\n\n\n<p>Mais si la chaleur et le soleil favorisent la pousse des cheveux, ils peuvent aussi les agresser. L&rsquo;oxydation et  le dess\u00e8chement provoqu\u00e9s les rendent plus clairs (par d\u00e9gradation de la m\u00e9lanine) et plus cassants (par d\u00e9gradation de la k\u00e9ratine). L&rsquo;action des UV s&rsquo;ajoute \u00e0 la pr\u00e9sence de chlore et du sel si on est \u00e0 la mer. <\/p>\n\n\n\n<p>Nous perdons environ naturellement 50-80 cheveux par jour. A l\u2019automne cette chute peut \u00eatre 2 \u00e0 3 fois plus abondante que le reste de l\u2019ann\u00e9e. Elle peut durer quelques semaines mais elle doit \u00eatre diffuse et passag\u00e8re.<\/p>\n\n\n\n<p class=\"has-text-align-center\"><em>&gt; Au-del\u00e0 la chute peut \u00eatre pathologique si elle persiste !<\/em><\/p>\n\n\n\n<div class=\"wp-block-image\"><figure class=\"aligncenter size-large is-resized\"><img loading=\"lazy\" decoding=\"async\" src=\"https:\/\/nathalie-faggianelli.fr\/wp-content\/uploads\/2021\/09\/TFO_7236-1024x1024.jpg\" alt=\"La chute de cheveux automnale\" class=\"wp-image-922\" width=\"556\" height=\"556\" srcset=\"https:\/\/nathalie-faggianelli.fr\/wp-content\/uploads\/2021\/09\/TFO_7236-1024x1024.jpg 1024w, https:\/\/nathalie-faggianelli.fr\/wp-content\/uploads\/2021\/09\/TFO_7236-scaled-100x100.jpg 100w, https:\/\/nathalie-faggianelli.fr\/wp-content\/uploads\/2021\/09\/TFO_7236-600x600.jpg 600w, https:\/\/nathalie-faggianelli.fr\/wp-content\/uploads\/2021\/09\/TFO_7236-300x300.jpg 300w, https:\/\/nathalie-faggianelli.fr\/wp-content\/uploads\/2021\/09\/TFO_7236-150x150.jpg 150w, https:\/\/nathalie-faggianelli.fr\/wp-content\/uploads\/2021\/09\/TFO_7236-768x768.jpg 768w, https:\/\/nathalie-faggianelli.fr\/wp-content\/uploads\/2021\/09\/TFO_7236-1536x1536.jpg 1536w, https:\/\/nathalie-faggianelli.fr\/wp-content\/uploads\/2021\/09\/TFO_7236-2048x2048.jpg 2048w, https:\/\/nathalie-faggianelli.fr\/wp-content\/uploads\/2021\/09\/TFO_7236-75x75.jpg 75w\" sizes=\"auto, (max-width: 556px) 100vw, 556px\" \/><\/figure><\/div>\n\n\n\n<h5 class=\"wp-block-heading\">* Note sur de cycle de vie du cheveu<\/h5>\n\n\n\n<p><sup>Le cycle total dure entre 2 et 6 ans en moyenne selon les personnes. Il est s\u00e9par\u00e9 en 3 phases. La premi\u00e8re est la phase anag\u00e8ne = croissance d&rsquo;environ 1 cm par mois. S&rsquo;ensuit la phase catag\u00e8ne = phase d&rsquo;involution de 2-3 semaines. Puis une transition s&rsquo;engage vers la phase t\u00e9log\u00e8ne, la fibre capillaire est alors en fin de la production. Le follicule pileux se r\u00e9tracte avant de passer en phase 3. C&rsquo;est alors la phase t\u00e9log\u00e8ne = le cheveux ou poil ne pousse pas mais reste attach\u00e9 \u00e0 son follicule pendant environ 2-3 mois. A ce terme, il va tomber et un nouveau cycle peut commencer. 90% des cheveux sont en permanence en phase de croissance. Alors que 10 % sont en phase de chute. Chaque follicule pileux reproduit environ au total entre 25 et 30 cycles au cours de sa vie. Cependant, il peut se produire des d\u00e9r\u00e8glements sous l&rsquo;influence des hormones m\u00e2les notamment et d&rsquo;autres facteurs. Vous pouvez retrouver plus d&rsquo;informations sur ces phases de croissance pilaire en lisant les publications suivantes en anglais. \u00ab\u00a0<a data-type=\"URL\" data-id=\"https:\/\/journals.biologists.com\/jcs\/article\/119\/3\/391\/29231\/The-hair-cycle\" rel=\"noreferrer noopener\" href=\"https:\/\/journals.biologists.com\/jcs\/article\/119\/3\/391\/29231\/The-hair-cycle\" target=\"_blank\">the Hair Cycle &#8211; Alonso &amp; Fuchs, 2006<\/a>\u00a0\u00bb et en fran\u00e7ais \u00ab\u00a0<a data-type=\"URL\" data-id=\"https:\/\/dumas.ccsd.cnrs.fr\/dumas-01291607\/document\" rel=\"noreferrer noopener\" href=\"https:\/\/dumas.ccsd.cnrs.fr\/dumas-01291607\/document\" target=\"_blank\">chapitre 1 de la th\u00e8se de Thomas Dubois en 2015<\/a>\u00a0\u00bb avec des sch\u00e9mas explicatifs. <\/sup><\/p>\n\n\n\n<hr class=\"wp-block-separator\"\/>\n\n\n\n<h2 class=\"wp-block-heading\">Chute de cheveux excessive ou hors p\u00e9riode automnale<\/h2>\n\n\n\n<h4 class=\"wp-block-heading\">Contr\u00f4le de la croissance capillaire <\/h4>\n\n\n\n<p>La croissance de nos cheveux est contr\u00f4l\u00e9e par diff\u00e9rents acteurs et est sous l&rsquo;influence de nos g\u00e8nes, de nos hormones thyro\u00efdiennes et sexuelles, de notre alimentation, des m\u00e9diateurs chimiques du syst\u00e8me nerveux. Un cheveu mort met environ 3 mois avant de tomber, il faudra donc souvent remonter dans le temps et creuser 3 mois en arri\u00e8re pour essayer de trouver une cause. Quels autres facteurs peuvent expliquer une chute de cheveux inhabituelle\u00a0?<\/p>\n\n\n\n<h4 class=\"wp-block-heading\">Facteurs li\u00e9s \u00e0 une chute de cheveux<\/h4>\n\n\n\n<p>Diff\u00e9rentes perturbations peuvent donc expliciter un probl\u00e8me capillaire : <\/p>\n\n\n\n<ul class=\"wp-block-list\"><li><strong>facteurs g\u00e9n\u00e9tiques<\/strong><\/li><li><strong>cause auto-immune<\/strong><\/li><li><strong>troubles hormonaux\/endocriniens : <\/strong><br>&#8211; <span class=\"has-inline-color has-dark-green-color\">les androg\u00e8nes,<\/span> hormones masculines, peuvent \u00eatre d\u00e9r\u00e9gl\u00e9es et expliquer chez l&rsquo;homme l&rsquo;alop\u00e9cie androg\u00e9nique&nbsp;; elles sont \u00e9galement pr\u00e9sentes chez la femme normalement en petite quantit\u00e9 mais si leur taux est trop augment\u00e9e notamment dans le cas d\u2019un SOPK, un d\u00e9r\u00e8glement capillaire peut s&rsquo;observer  et aussi \u00eatre responsables de l&rsquo;hyper-pilosit\u00e9 = hirsutisme observ\u00e9 dans cette pathologie.  <br>&#8211; <span class=\"has-inline-color has-dark-green-color\">les hormones thyroidiennes<\/span> peuvent \u00eatre impliqu\u00e9e: en cas d&rsquo;hypothyroidie avec d\u00e9faut de synth\u00e8se ou de fixation de l&rsquo;hormone T3L,  on observe une chute de cheveux plus abondante (qui peut aussi \u00eatre un signal d&rsquo;alarme pour faire un bilan thyro\u00efdien !). <br>&#8211; <span class=\"has-inline-color has-dark-green-color\">et enfin les oestrog\u00e8nes<\/span>&nbsp; dont la chute notamment \u00e0 la m\u00e9nopause affecte la sant\u00e9 capillaire, mais aussi en post-partum apr\u00e8s la grossesse o\u00f9 elle est associ\u00e9e aussi \u00e0 la diminution de la progest\u00e9rone (chute normale appel\u00e9e effluvium t\u00e9log\u00e8ne du post-partum qui dure entre 6 et 12 semaines, au del\u00e0 consulter! ; la chute peut aussi \u00eatre retard\u00e9e s&rsquo;il y a allaitement. Pendant la grossesse la phase de croissance avait \u00e9t\u00e9 ralentie gr\u00e2ce \u00e0 ses hormones qui avaient aussi boost\u00e9 leur vitalit\u00e9). L&rsquo;arr\u00eat d&rsquo;une pilule contraceptive oestrog\u00e9nique peut aussi en \u00eatre la cause. <br>&#8211; <span class=\"has-inline-color has-dark-green-color\">le cortisol <\/span>produit par les glandes surr\u00e9nales qui active la synth\u00e8se des androg\u00e8nes. Son taux augmente en cas de stress et est li\u00e9 \u00e0 une r\u00e9sistance \u00e0 l\u2019insuline sur le long terme. Le stress peut \u00eatre la cause d&rsquo;une chute temporaire (effluvium t\u00e9log\u00e8ne)<\/li><li><strong>Certains m\u00e9dicaments (certains anticoagulants, le lithium) + chimio radioth\u00e9rapie<\/strong> + intervention chirurgicale ayant n\u00e9cessit\u00e9 une anesth\u00e9sie g\u00e9n\u00e9rale<\/li><li><strong>Carence en micronutriments<\/strong> en vitamines et min\u00e9raux (fer, vitamines B&amp;D, zinc, biotine, silicium) et <strong>en prot\u00e9ines<\/strong> qui peut \u00eatre li\u00e9e \u00e0 une malabsorption intestinale (intestins poreux) &gt; importance d&rsquo;une alimentation vari\u00e9e et \u00e9quilibr\u00e9e pour \u00e9viter un d\u00e9s\u00e9quilibre du microbiote et des soucis digestifs qui affecteront aussi la sant\u00e9 de nos cheveux ! Anorexie ou r\u00e9gimes alimentaires extr\u00eames peuvent donc aussi expliquer une chute de cheveux. <\/li><li><strong>choc psycho violent (<\/strong>fausse couche, IVG, d\u00e9c\u00e8s d&rsquo;un proche, accident, s\u00e9paration, burn out professionnel&#8230;<strong>), \u00e9tat d\u00e9pressif s\u00e9v\u00e8re, fatigue intense, maladie infectieuse avec forte fi\u00e8vre&nbsp;<\/strong><\/li><li><strong>eau du robinet et produits de soin cosm\u00e9tique<\/strong><\/li><li>exc\u00e8s de maltraitance des cheveux<\/li><li><strong>tabac et drogues<\/strong><\/li><\/ul>\n\n\n\n<p>Dans le cas de chutes diffuses et durables, la repousse n&rsquo;est pas toujours possible et compl\u00e8te !<\/p>\n\n\n\n<hr class=\"wp-block-separator\"\/>\n\n\n\n<h2 class=\"wp-block-heading\">Que faire en cas de chute de cheveux excessive ? <\/h2>\n\n\n\n<p>Si la chute est trop importante, se prolonge sur des mois, il est important de consulter votre m\u00e9decin, votre gyn\u00e9cologue pour faire un bilan hormonal, thyro\u00efdien et biochimique et des examens compl\u00e9mentaires. <\/p>\n\n\n\n<h3 class=\"wp-block-heading\"><strong>Agir sur son hygi\u00e8ne de vie<\/strong><\/h3>\n\n\n\n<p>Au quotidien, il est possible de travailler sur notre hygi\u00e8ne de vie et notamment :<\/p>\n\n\n\n<ul class=\"wp-block-list\"><li><strong>Avoir une bonne alimentation<\/strong>. Important pour pr\u00e9server un bon microbiote et un foie fonctionnel, \u00e9viter les carences&#8230;<\/li><li>On pourra sur conseils personnalis\u00e9s y associer une <strong>cure de vitamines et min\u00e9raux<\/strong><\/li><li><strong>Faire<\/strong> <strong>attention aux produits capillaires et cosm\u00e9tiques<\/strong>. On fuit parabens, sulfates, silicones parmi les compos\u00e9s les plus tociques. On ne choisit pas de savons aux pH trop acides. On supprimes les produits hyper agressifs, les apr\u00e8s-shampoings qui \u00e9touffent nos cheveux, les colorations, les permanentes, les lissages trop fr\u00e9quents. On diminue la fr\u00e9quence des shampoings (2 fois par semaine suffisent en g\u00e9n\u00e9ral). Et on pr\u00e9f\u00e8re un s\u00e9chage \u00e0 l&rsquo;air libre plut\u00f4t qu&rsquo;au s\u00e8che-cheveux trop chaud qui ab\u00eeme le cheveux. Un apr\u00e8s-shampoing maison ? par exemple en utilisant du vinaigre de cidre ou gel de lin et aloe vera. Des recettes arrivent bient\u00f4t !<\/li><li><strong>Avoir un bon<\/strong> <strong>sommeil et g\u00e9rer au mieux le stress<\/strong>. Des aides en aroma-phyto, en sophrologie, en yoga pourront \u00eatre mises en place.<\/li><li><strong>Faire attention au soleil l&rsquo;\u00e9t\u00e9<\/strong> et porter un chapeau<\/li><\/ul>\n\n\n\n<div class=\"wp-block-image\"><figure class=\"aligncenter size-large is-resized\"><img loading=\"lazy\" decoding=\"async\" src=\"https:\/\/nathalie-faggianelli.fr\/wp-content\/uploads\/2021\/09\/chutecheveux_site-866x1024.jpg\" alt=\"alimentation saine et chute de cheveux automnale \" class=\"wp-image-921\" width=\"488\" height=\"577\" srcset=\"https:\/\/nathalie-faggianelli.fr\/wp-content\/uploads\/2021\/09\/chutecheveux_site-866x1024.jpg 866w, https:\/\/nathalie-faggianelli.fr\/wp-content\/uploads\/2021\/09\/chutecheveux_site-600x709.jpg 600w, https:\/\/nathalie-faggianelli.fr\/wp-content\/uploads\/2021\/09\/chutecheveux_site-254x300.jpg 254w, https:\/\/nathalie-faggianelli.fr\/wp-content\/uploads\/2021\/09\/chutecheveux_site-768x908.jpg 768w, https:\/\/nathalie-faggianelli.fr\/wp-content\/uploads\/2021\/09\/chutecheveux_site.jpg 1080w\" sizes=\"auto, (max-width: 488px) 100vw, 488px\" \/><\/figure><\/div>\n\n\n\n<h3 class=\"wp-block-heading\">Soins capillaires anti-chute<\/h3>\n\n\n\n<h4 class=\"wp-block-heading\"><span class=\"has-inline-color has-dark-green-color\"><strong>L\u2019auto-massage \u00e0 sec du cuir chevelu<\/strong><\/span><\/h4>\n\n\n\n<p>On pourra le faire tous les jours lors du shampoing ou au r\u00e9veil. Comment ? en faisant bouger tout le scalp en massant en petits mouvements circulaires pour favoriser la bonne vascularisation au niveau des bulbes pilaires. Il est aussi possible d&rsquo;utiliser 1 cuill\u00e8re \u00e0 soupe de vinaigre de cidre m\u00e9lang\u00e9e \u00e0 un peu d\u2019eau florale. On pourra choisir notamment un hydrolat de romarin \u00e0 verb\u00e9none ou de g\u00e9ranium rosat Bourbon pour se masser. Le massage participe aussi \u00e0 une bonne stimulation de la micro-circulation sanguine (CI si probl\u00e8mes dermato!). <\/p>\n\n\n\n<h4 class=\"wp-block-heading\"><strong><span class=\"has-inline-color has-dark-green-color\">Quelques huiles essentielles utiles<\/span><\/strong><\/h4>\n\n\n\n<p>* <span class=\"has-inline-color has-dark-green-color\">L\u2019HE de Romarin \u00e0 1,8 cin\u00e9ole<\/span> (rosmarinus officinalis CT 1,8 cin\u00e9ole). Elle va activer la micro-circulation et aider une bonne oxyg\u00e9nation. <\/p>\n\n\n\n<p>* <span class=\"has-inline-color has-dark-green-color\">L\u2019HE de c\u00e8dre de l\u2019Atlas<\/span>. Elle est aussi s\u00e9bo-r\u00e9gulatrice et facilite une bonne exfoliation des cellules mortes. CI : ant\u00e9c\u00e9dents personnel ou familial de cancer ou pathologies hormono-d\u00e9pendantes. C&rsquo;est une HE dite \u00ab\u00a0oestrogen-like\u00a0\u00bb. <\/p>\n\n\n\n<p>* <span class=\"has-inline-color has-dark-green-color\">L&rsquo;HE de Bay de Saint Thomas,<\/span> issu d&rsquo;un petit piment. Elle va chauffer et exercer une action stimulante du cuir chevelu. CI si ant\u00e9c\u00e9dents personnel ou familial de cancer ou pathologies hormono-d\u00e9pendantes. C&rsquo;est une HE stimulante ovarienne. 2 gouttes dans le shampoing de temps en temps ou dans le masque bain d\u2019huile (2 x\/mois)<\/p>\n\n\n\n<p><em>NB: pas d&rsquo;auto-m\u00e9dication pendant la grossesse et l&rsquo;allaitement. Revoir les pr\u00e9cautions d&rsquo;usage et contre-indications \u00e0 l&rsquo;usage des Huiles Essentielles. <\/em><\/p>\n\n\n\n<h4 class=\"wp-block-heading\"><span class=\"has-inline-color has-dark-green-color\"><strong>Masque capillaire &#8211; bain d&rsquo;huil<\/strong>e<\/span> <\/h4>\n\n\n\n<p>Voici une id\u00e9e de recette facile \u00e0 faire 1-2x par mois maximum. Si effectu\u00e9s trop fr\u00e9quemment, les bains d&rsquo;huile peuvent aussi \u00e9touffer les racines et le cheveux. Ils n\u00e9cessitent aussi un petit plus de shampoing et rin\u00e7age pour \u00e9liminer l&rsquo;huile. Mais ils peuvent \u00eatre tr\u00e8s b\u00e9n\u00e9fiques une \u00e0 deux fois par mois !<\/p>\n\n\n\n<div class=\"wp-block-image\"><figure class=\"aligncenter size-large is-resized\"><img loading=\"lazy\" decoding=\"async\" src=\"https:\/\/nathalie-faggianelli.fr\/wp-content\/uploads\/2021\/09\/chutecheveux_site2-1024x1024.jpg\" alt=\"synergie huiles essentielles anti- chute de cheveux automnale\" class=\"wp-image-923\" width=\"537\" height=\"537\" srcset=\"https:\/\/nathalie-faggianelli.fr\/wp-content\/uploads\/2021\/09\/chutecheveux_site2-1024x1024.jpg 1024w, https:\/\/nathalie-faggianelli.fr\/wp-content\/uploads\/2021\/09\/chutecheveux_site2-100x100.jpg 100w, https:\/\/nathalie-faggianelli.fr\/wp-content\/uploads\/2021\/09\/chutecheveux_site2-600x600.jpg 600w, https:\/\/nathalie-faggianelli.fr\/wp-content\/uploads\/2021\/09\/chutecheveux_site2-300x300.jpg 300w, https:\/\/nathalie-faggianelli.fr\/wp-content\/uploads\/2021\/09\/chutecheveux_site2-150x150.jpg 150w, https:\/\/nathalie-faggianelli.fr\/wp-content\/uploads\/2021\/09\/chutecheveux_site2-768x768.jpg 768w, https:\/\/nathalie-faggianelli.fr\/wp-content\/uploads\/2021\/09\/chutecheveux_site2-75x75.jpg 75w, https:\/\/nathalie-faggianelli.fr\/wp-content\/uploads\/2021\/09\/chutecheveux_site2.jpg 1080w\" sizes=\"auto, (max-width: 537px) 100vw, 537px\" \/><\/figure><\/div>\n","protected":false},"excerpt":{"rendered":"<p>La chute de cheveux automnale : quelles sont les causes? est-ce normal? comment peut-on prendre soin de nos cheveux? Comme les arbres qui perdent leurs belles feuilles vertes de l\u2019\u00e9t\u00e9, nous perdons aussi plus de cheveux \u00e0 l\u2019automne. Physiologique et&#8230;<\/p>\n<p><a class=\"more-link\" href=\"https:\/\/nathalie-faggianelli.fr\/index.php\/2021\/09\/24\/la-chute-de-cheveux-automnale\/\">Read More<\/a><\/p>\n","protected":false},"author":1,"featured_media":920,"comment_status":"open","ping_status":"open","sticky":false,"template":"","format":"standard","meta":{"_genesis_hide_title":false,"_genesis_hide_breadcrumbs":false,"_genesis_hide_singular_image":false,"_genesis_hide_footer_widgets":false,"_genesis_custom_body_class":"","_genesis_custom_post_class":"","_genesis_layout":"","_jetpack_memberships_contains_paid_content":false,"footnotes":""},"categories":[4],"tags":[],"class_list":{"0":"post-918","1":"post","2":"type-post","3":"status-publish","4":"format-standard","5":"has-post-thumbnail","7":"category-aroma-phytotherapie","8":"entry"},"yoast_head":"<!-- This site is optimized with the Yoast SEO plugin v27.5 - https:\/\/yoast.com\/product\/yoast-seo-wordpress\/ -->\n<title>La chute de cheveux automnale - Nathalie Faggianelli<\/title>\n<meta name=\"description\" content=\"La chute de cheveux automnale : pourquoi arrive-t&#039;elle, comment la ralentir et redonner de la vitalit\u00e9 \u00e0 ses cheveux ?\" \/>\n<meta name=\"robots\" content=\"index, follow, max-snippet:-1, max-image-preview:large, max-video-preview:-1\" \/>\n<link rel=\"canonical\" href=\"https:\/\/nathalie-faggianelli.fr\/index.php\/2021\/09\/24\/la-chute-de-cheveux-automnale\/\" \/>\n<meta property=\"og:locale\" content=\"fr_FR\" \/>\n<meta property=\"og:type\" content=\"article\" \/>\n<meta property=\"og:title\" content=\"La chute de cheveux automnale - Nathalie Faggianelli\" \/>\n<meta property=\"og:description\" content=\"La chute de cheveux automnale : pourquoi arrive-t&#039;elle, comment la ralentir et redonner de la vitalit\u00e9 \u00e0 ses cheveux ?\" \/>\n<meta property=\"og:url\" content=\"https:\/\/nathalie-faggianelli.fr\/index.php\/2021\/09\/24\/la-chute-de-cheveux-automnale\/\" \/>\n<meta property=\"og:site_name\" content=\"Nathalie Faggianelli\" \/>\n<meta property=\"article:published_time\" content=\"2021-09-24T09:14:19+00:00\" \/>\n<meta property=\"article:modified_time\" content=\"2022-02-17T10:24:12+00:00\" \/>\n<meta property=\"og:image\" content=\"https:\/\/nathalie-faggianelli.fr\/wp-content\/uploads\/2021\/09\/TFO_7206-scaled.jpg\" \/>\n\t<meta property=\"og:image:width\" content=\"1707\" \/>\n\t<meta property=\"og:image:height\" content=\"2560\" \/>\n\t<meta property=\"og:image:type\" content=\"image\/jpeg\" \/>\n<meta name=\"author\" content=\"nathalie.faggianelli@gmail.com\" \/>\n<meta name=\"twitter:card\" content=\"summary_large_image\" \/>\n<meta name=\"twitter:label1\" content=\"\u00c9crit par\" \/>\n\t<meta name=\"twitter:data1\" content=\"nathalie.faggianelli@gmail.com\" \/>\n\t<meta name=\"twitter:label2\" content=\"Dur\u00e9e de lecture estim\u00e9e\" \/>\n\t<meta name=\"twitter:data2\" content=\"9 minutes\" \/>\n<script type=\"application\/ld+json\" class=\"yoast-schema-graph\">{\"@context\":\"https:\\\/\\\/schema.org\",\"@graph\":[{\"@type\":\"Article\",\"@id\":\"https:\\\/\\\/nathalie-faggianelli.fr\\\/index.php\\\/2021\\\/09\\\/24\\\/la-chute-de-cheveux-automnale\\\/#article\",\"isPartOf\":{\"@id\":\"https:\\\/\\\/nathalie-faggianelli.fr\\\/index.php\\\/2021\\\/09\\\/24\\\/la-chute-de-cheveux-automnale\\\/\"},\"author\":{\"name\":\"nathalie.faggianelli@gmail.com\",\"@id\":\"https:\\\/\\\/nathalie-faggianelli.fr\\\/#\\\/schema\\\/person\\\/5f135111edf74342a00a7187930f89ad\"},\"headline\":\"La chute de cheveux automnale\",\"datePublished\":\"2021-09-24T09:14:19+00:00\",\"dateModified\":\"2022-02-17T10:24:12+00:00\",\"mainEntityOfPage\":{\"@id\":\"https:\\\/\\\/nathalie-faggianelli.fr\\\/index.php\\\/2021\\\/09\\\/24\\\/la-chute-de-cheveux-automnale\\\/\"},\"wordCount\":1619,\"commentCount\":0,\"publisher\":{\"@id\":\"https:\\\/\\\/nathalie-faggianelli.fr\\\/#organization\"},\"image\":{\"@id\":\"https:\\\/\\\/nathalie-faggianelli.fr\\\/index.php\\\/2021\\\/09\\\/24\\\/la-chute-de-cheveux-automnale\\\/#primaryimage\"},\"thumbnailUrl\":\"https:\\\/\\\/nathalie-faggianelli.fr\\\/wp-content\\\/uploads\\\/2021\\\/09\\\/TFO_7206-scaled.jpg\",\"articleSection\":[\"Aroma-phytoth\u00e9rapie\"],\"inLanguage\":\"fr-FR\",\"potentialAction\":[{\"@type\":\"CommentAction\",\"name\":\"Comment\",\"target\":[\"https:\\\/\\\/nathalie-faggianelli.fr\\\/index.php\\\/2021\\\/09\\\/24\\\/la-chute-de-cheveux-automnale\\\/#respond\"]}]},{\"@type\":\"WebPage\",\"@id\":\"https:\\\/\\\/nathalie-faggianelli.fr\\\/index.php\\\/2021\\\/09\\\/24\\\/la-chute-de-cheveux-automnale\\\/\",\"url\":\"https:\\\/\\\/nathalie-faggianelli.fr\\\/index.php\\\/2021\\\/09\\\/24\\\/la-chute-de-cheveux-automnale\\\/\",\"name\":\"La chute de cheveux automnale - Nathalie Faggianelli\",\"isPartOf\":{\"@id\":\"https:\\\/\\\/nathalie-faggianelli.fr\\\/#website\"},\"primaryImageOfPage\":{\"@id\":\"https:\\\/\\\/nathalie-faggianelli.fr\\\/index.php\\\/2021\\\/09\\\/24\\\/la-chute-de-cheveux-automnale\\\/#primaryimage\"},\"image\":{\"@id\":\"https:\\\/\\\/nathalie-faggianelli.fr\\\/index.php\\\/2021\\\/09\\\/24\\\/la-chute-de-cheveux-automnale\\\/#primaryimage\"},\"thumbnailUrl\":\"https:\\\/\\\/nathalie-faggianelli.fr\\\/wp-content\\\/uploads\\\/2021\\\/09\\\/TFO_7206-scaled.jpg\",\"datePublished\":\"2021-09-24T09:14:19+00:00\",\"dateModified\":\"2022-02-17T10:24:12+00:00\",\"description\":\"La chute de cheveux automnale : pourquoi arrive-t'elle, comment la ralentir et redonner de la vitalit\u00e9 \u00e0 ses cheveux ?\",\"breadcrumb\":{\"@id\":\"https:\\\/\\\/nathalie-faggianelli.fr\\\/index.php\\\/2021\\\/09\\\/24\\\/la-chute-de-cheveux-automnale\\\/#breadcrumb\"},\"inLanguage\":\"fr-FR\",\"potentialAction\":[{\"@type\":\"ReadAction\",\"target\":[\"https:\\\/\\\/nathalie-faggianelli.fr\\\/index.php\\\/2021\\\/09\\\/24\\\/la-chute-de-cheveux-automnale\\\/\"]}]},{\"@type\":\"ImageObject\",\"inLanguage\":\"fr-FR\",\"@id\":\"https:\\\/\\\/nathalie-faggianelli.fr\\\/index.php\\\/2021\\\/09\\\/24\\\/la-chute-de-cheveux-automnale\\\/#primaryimage\",\"url\":\"https:\\\/\\\/nathalie-faggianelli.fr\\\/wp-content\\\/uploads\\\/2021\\\/09\\\/TFO_7206-scaled.jpg\",\"contentUrl\":\"https:\\\/\\\/nathalie-faggianelli.fr\\\/wp-content\\\/uploads\\\/2021\\\/09\\\/TFO_7206-scaled.jpg\",\"width\":1707,\"height\":2560,\"caption\":\"Sant\u00e9 capillare\"},{\"@type\":\"BreadcrumbList\",\"@id\":\"https:\\\/\\\/nathalie-faggianelli.fr\\\/index.php\\\/2021\\\/09\\\/24\\\/la-chute-de-cheveux-automnale\\\/#breadcrumb\",\"itemListElement\":[{\"@type\":\"ListItem\",\"position\":1,\"name\":\"Accueil\",\"item\":\"https:\\\/\\\/nathalie-faggianelli.fr\\\/index.php\\\/page-daccueil\\\/\"},{\"@type\":\"ListItem\",\"position\":2,\"name\":\"La chute de cheveux automnale\"}]},{\"@type\":\"WebSite\",\"@id\":\"https:\\\/\\\/nathalie-faggianelli.fr\\\/#website\",\"url\":\"https:\\\/\\\/nathalie-faggianelli.fr\\\/\",\"name\":\"Nathalie Faggianelli\",\"description\":\"Phyto-Aromatologue, naturopathe, form\u00e9e en micronutrition \u00e0 Lille - La Madeleine ou en ligne\",\"publisher\":{\"@id\":\"https:\\\/\\\/nathalie-faggianelli.fr\\\/#organization\"},\"potentialAction\":[{\"@type\":\"SearchAction\",\"target\":{\"@type\":\"EntryPoint\",\"urlTemplate\":\"https:\\\/\\\/nathalie-faggianelli.fr\\\/?s={search_term_string}\"},\"query-input\":{\"@type\":\"PropertyValueSpecification\",\"valueRequired\":true,\"valueName\":\"search_term_string\"}}],\"inLanguage\":\"fr-FR\"},{\"@type\":\"Organization\",\"@id\":\"https:\\\/\\\/nathalie-faggianelli.fr\\\/#organization\",\"name\":\"Nathalie Faggianelli\",\"url\":\"https:\\\/\\\/nathalie-faggianelli.fr\\\/\",\"logo\":{\"@type\":\"ImageObject\",\"inLanguage\":\"fr-FR\",\"@id\":\"https:\\\/\\\/nathalie-faggianelli.fr\\\/#\\\/schema\\\/logo\\\/image\\\/\",\"url\":\"https:\\\/\\\/nathalie-faggianelli.fr\\\/wp-content\\\/uploads\\\/2021\\\/07\\\/logo-pro1.png\",\"contentUrl\":\"https:\\\/\\\/nathalie-faggianelli.fr\\\/wp-content\\\/uploads\\\/2021\\\/07\\\/logo-pro1.png\",\"width\":1728,\"height\":1521,\"caption\":\"Nathalie Faggianelli\"},\"image\":{\"@id\":\"https:\\\/\\\/nathalie-faggianelli.fr\\\/#\\\/schema\\\/logo\\\/image\\\/\"}},{\"@type\":\"Person\",\"@id\":\"https:\\\/\\\/nathalie-faggianelli.fr\\\/#\\\/schema\\\/person\\\/5f135111edf74342a00a7187930f89ad\",\"name\":\"nathalie.faggianelli@gmail.com\",\"image\":{\"@type\":\"ImageObject\",\"inLanguage\":\"fr-FR\",\"@id\":\"https:\\\/\\\/secure.gravatar.com\\\/avatar\\\/4fcc83727d6ce5aebd46ba120922531f8f482f2d4fe289593e0c8c582085b593?s=96&d=mm&r=g\",\"url\":\"https:\\\/\\\/secure.gravatar.com\\\/avatar\\\/4fcc83727d6ce5aebd46ba120922531f8f482f2d4fe289593e0c8c582085b593?s=96&d=mm&r=g\",\"contentUrl\":\"https:\\\/\\\/secure.gravatar.com\\\/avatar\\\/4fcc83727d6ce5aebd46ba120922531f8f482f2d4fe289593e0c8c582085b593?s=96&d=mm&r=g\",\"caption\":\"nathalie.faggianelli@gmail.com\"},\"sameAs\":[\"http:\\\/\\\/nathalie-faggianelli.fr\"],\"url\":\"https:\\\/\\\/nathalie-faggianelli.fr\\\/index.php\\\/author\\\/nathalie-faggianelligmail-com\\\/\"}]}<\/script>\n<!-- \/ Yoast SEO plugin. -->","yoast_head_json":{"title":"La chute de cheveux automnale - Nathalie Faggianelli","description":"La chute de cheveux automnale : pourquoi arrive-t'elle, comment la ralentir et redonner de la vitalit\u00e9 \u00e0 ses cheveux ?","robots":{"index":"index","follow":"follow","max-snippet":"max-snippet:-1","max-image-preview":"max-image-preview:large","max-video-preview":"max-video-preview:-1"},"canonical":"https:\/\/nathalie-faggianelli.fr\/index.php\/2021\/09\/24\/la-chute-de-cheveux-automnale\/","og_locale":"fr_FR","og_type":"article","og_title":"La chute de cheveux automnale - Nathalie Faggianelli","og_description":"La chute de cheveux automnale : pourquoi arrive-t'elle, comment la ralentir et redonner de la vitalit\u00e9 \u00e0 ses cheveux ?","og_url":"https:\/\/nathalie-faggianelli.fr\/index.php\/2021\/09\/24\/la-chute-de-cheveux-automnale\/","og_site_name":"Nathalie Faggianelli","article_published_time":"2021-09-24T09:14:19+00:00","article_modified_time":"2022-02-17T10:24:12+00:00","og_image":[{"width":1707,"height":2560,"url":"https:\/\/nathalie-faggianelli.fr\/wp-content\/uploads\/2021\/09\/TFO_7206-scaled.jpg","type":"image\/jpeg"}],"author":"nathalie.faggianelli@gmail.com","twitter_card":"summary_large_image","twitter_misc":{"\u00c9crit par":"nathalie.faggianelli@gmail.com","Dur\u00e9e de lecture estim\u00e9e":"9 minutes"},"schema":{"@context":"https:\/\/schema.org","@graph":[{"@type":"Article","@id":"https:\/\/nathalie-faggianelli.fr\/index.php\/2021\/09\/24\/la-chute-de-cheveux-automnale\/#article","isPartOf":{"@id":"https:\/\/nathalie-faggianelli.fr\/index.php\/2021\/09\/24\/la-chute-de-cheveux-automnale\/"},"author":{"name":"nathalie.faggianelli@gmail.com","@id":"https:\/\/nathalie-faggianelli.fr\/#\/schema\/person\/5f135111edf74342a00a7187930f89ad"},"headline":"La chute de cheveux automnale","datePublished":"2021-09-24T09:14:19+00:00","dateModified":"2022-02-17T10:24:12+00:00","mainEntityOfPage":{"@id":"https:\/\/nathalie-faggianelli.fr\/index.php\/2021\/09\/24\/la-chute-de-cheveux-automnale\/"},"wordCount":1619,"commentCount":0,"publisher":{"@id":"https:\/\/nathalie-faggianelli.fr\/#organization"},"image":{"@id":"https:\/\/nathalie-faggianelli.fr\/index.php\/2021\/09\/24\/la-chute-de-cheveux-automnale\/#primaryimage"},"thumbnailUrl":"https:\/\/nathalie-faggianelli.fr\/wp-content\/uploads\/2021\/09\/TFO_7206-scaled.jpg","articleSection":["Aroma-phytoth\u00e9rapie"],"inLanguage":"fr-FR","potentialAction":[{"@type":"CommentAction","name":"Comment","target":["https:\/\/nathalie-faggianelli.fr\/index.php\/2021\/09\/24\/la-chute-de-cheveux-automnale\/#respond"]}]},{"@type":"WebPage","@id":"https:\/\/nathalie-faggianelli.fr\/index.php\/2021\/09\/24\/la-chute-de-cheveux-automnale\/","url":"https:\/\/nathalie-faggianelli.fr\/index.php\/2021\/09\/24\/la-chute-de-cheveux-automnale\/","name":"La chute de cheveux automnale - Nathalie Faggianelli","isPartOf":{"@id":"https:\/\/nathalie-faggianelli.fr\/#website"},"primaryImageOfPage":{"@id":"https:\/\/nathalie-faggianelli.fr\/index.php\/2021\/09\/24\/la-chute-de-cheveux-automnale\/#primaryimage"},"image":{"@id":"https:\/\/nathalie-faggianelli.fr\/index.php\/2021\/09\/24\/la-chute-de-cheveux-automnale\/#primaryimage"},"thumbnailUrl":"https:\/\/nathalie-faggianelli.fr\/wp-content\/uploads\/2021\/09\/TFO_7206-scaled.jpg","datePublished":"2021-09-24T09:14:19+00:00","dateModified":"2022-02-17T10:24:12+00:00","description":"La chute de cheveux automnale : pourquoi arrive-t'elle, comment la ralentir et redonner de la vitalit\u00e9 \u00e0 ses cheveux ?","breadcrumb":{"@id":"https:\/\/nathalie-faggianelli.fr\/index.php\/2021\/09\/24\/la-chute-de-cheveux-automnale\/#breadcrumb"},"inLanguage":"fr-FR","potentialAction":[{"@type":"ReadAction","target":["https:\/\/nathalie-faggianelli.fr\/index.php\/2021\/09\/24\/la-chute-de-cheveux-automnale\/"]}]},{"@type":"ImageObject","inLanguage":"fr-FR","@id":"https:\/\/nathalie-faggianelli.fr\/index.php\/2021\/09\/24\/la-chute-de-cheveux-automnale\/#primaryimage","url":"https:\/\/nathalie-faggianelli.fr\/wp-content\/uploads\/2021\/09\/TFO_7206-scaled.jpg","contentUrl":"https:\/\/nathalie-faggianelli.fr\/wp-content\/uploads\/2021\/09\/TFO_7206-scaled.jpg","width":1707,"height":2560,"caption":"Sant\u00e9 capillare"},{"@type":"BreadcrumbList","@id":"https:\/\/nathalie-faggianelli.fr\/index.php\/2021\/09\/24\/la-chute-de-cheveux-automnale\/#breadcrumb","itemListElement":[{"@type":"ListItem","position":1,"name":"Accueil","item":"https:\/\/nathalie-faggianelli.fr\/index.php\/page-daccueil\/"},{"@type":"ListItem","position":2,"name":"La chute de cheveux automnale"}]},{"@type":"WebSite","@id":"https:\/\/nathalie-faggianelli.fr\/#website","url":"https:\/\/nathalie-faggianelli.fr\/","name":"Nathalie Faggianelli","description":"Phyto-Aromatologue, naturopathe, form\u00e9e en micronutrition \u00e0 Lille - La Madeleine ou en ligne","publisher":{"@id":"https:\/\/nathalie-faggianelli.fr\/#organization"},"potentialAction":[{"@type":"SearchAction","target":{"@type":"EntryPoint","urlTemplate":"https:\/\/nathalie-faggianelli.fr\/?s={search_term_string}"},"query-input":{"@type":"PropertyValueSpecification","valueRequired":true,"valueName":"search_term_string"}}],"inLanguage":"fr-FR"},{"@type":"Organization","@id":"https:\/\/nathalie-faggianelli.fr\/#organization","name":"Nathalie Faggianelli","url":"https:\/\/nathalie-faggianelli.fr\/","logo":{"@type":"ImageObject","inLanguage":"fr-FR","@id":"https:\/\/nathalie-faggianelli.fr\/#\/schema\/logo\/image\/","url":"https:\/\/nathalie-faggianelli.fr\/wp-content\/uploads\/2021\/07\/logo-pro1.png","contentUrl":"https:\/\/nathalie-faggianelli.fr\/wp-content\/uploads\/2021\/07\/logo-pro1.png","width":1728,"height":1521,"caption":"Nathalie Faggianelli"},"image":{"@id":"https:\/\/nathalie-faggianelli.fr\/#\/schema\/logo\/image\/"}},{"@type":"Person","@id":"https:\/\/nathalie-faggianelli.fr\/#\/schema\/person\/5f135111edf74342a00a7187930f89ad","name":"nathalie.faggianelli@gmail.com","image":{"@type":"ImageObject","inLanguage":"fr-FR","@id":"https:\/\/secure.gravatar.com\/avatar\/4fcc83727d6ce5aebd46ba120922531f8f482f2d4fe289593e0c8c582085b593?s=96&d=mm&r=g","url":"https:\/\/secure.gravatar.com\/avatar\/4fcc83727d6ce5aebd46ba120922531f8f482f2d4fe289593e0c8c582085b593?s=96&d=mm&r=g","contentUrl":"https:\/\/secure.gravatar.com\/avatar\/4fcc83727d6ce5aebd46ba120922531f8f482f2d4fe289593e0c8c582085b593?s=96&d=mm&r=g","caption":"nathalie.faggianelli@gmail.com"},"sameAs":["http:\/\/nathalie-faggianelli.fr"],"url":"https:\/\/nathalie-faggianelli.fr\/index.php\/author\/nathalie-faggianelligmail-com\/"}]}},"jetpack_featured_media_url":"https:\/\/nathalie-faggianelli.fr\/wp-content\/uploads\/2021\/09\/TFO_7206-scaled.jpg","jetpack_sharing_enabled":true,"_links":{"self":[{"href":"https:\/\/nathalie-faggianelli.fr\/index.php\/wp-json\/wp\/v2\/posts\/918","targetHints":{"allow":["GET"]}}],"collection":[{"href":"https:\/\/nathalie-faggianelli.fr\/index.php\/wp-json\/wp\/v2\/posts"}],"about":[{"href":"https:\/\/nathalie-faggianelli.fr\/index.php\/wp-json\/wp\/v2\/types\/post"}],"author":[{"embeddable":true,"href":"https:\/\/nathalie-faggianelli.fr\/index.php\/wp-json\/wp\/v2\/users\/1"}],"replies":[{"embeddable":true,"href":"https:\/\/nathalie-faggianelli.fr\/index.php\/wp-json\/wp\/v2\/comments?post=918"}],"version-history":[{"count":9,"href":"https:\/\/nathalie-faggianelli.fr\/index.php\/wp-json\/wp\/v2\/posts\/918\/revisions"}],"predecessor-version":[{"id":1911,"href":"https:\/\/nathalie-faggianelli.fr\/index.php\/wp-json\/wp\/v2\/posts\/918\/revisions\/1911"}],"wp:featuredmedia":[{"embeddable":true,"href":"https:\/\/nathalie-faggianelli.fr\/index.php\/wp-json\/wp\/v2\/media\/920"}],"wp:attachment":[{"href":"https:\/\/nathalie-faggianelli.fr\/index.php\/wp-json\/wp\/v2\/media?parent=918"}],"wp:term":[{"taxonomy":"category","embeddable":true,"href":"https:\/\/nathalie-faggianelli.fr\/index.php\/wp-json\/wp\/v2\/categories?post=918"},{"taxonomy":"post_tag","embeddable":true,"href":"https:\/\/nathalie-faggianelli.fr\/index.php\/wp-json\/wp\/v2\/tags?post=918"}],"curies":[{"name":"wp","href":"https:\/\/api.w.org\/{rel}","templated":true}]}}